{"id":74783,"date":"2026-05-03T14:10:39","date_gmt":"2026-05-03T14:10:39","guid":{"rendered":"https:\/\/ciaoup.it\/?p=74783"},"modified":"2026-05-03T14:10:39","modified_gmt":"2026-05-03T14:10:39","slug":"ex-arbitro-pasquale-de-meo-colleghi-devono-denunciare-aia-da-rifondare","status":"publish","type":"post","link":"https:\/\/ciaoup.it\/?p=74783","title":{"rendered":"Ex arbitro Pasquale De Meo: &#8220;Colleghi devono denunciare, Aia da rifondare&#8221;"},"content":{"rendered":"<p> (Adnkronos) &#8211; &#8220;Denunciate. Abbiate la forza e il coraggio di esprimere il vostro pensiero contro chi pensa di potersi imporre con frasi come &#8216;qui comando io e gestisco io\u2026&#8217;. Io l\u2019ho fatto nel pieno della carriera, non per senso di risentimento o per sputare nel piatto dove ho mangiato, ma per senso di dovere e di giustizia&#8221;. Pasquale De Meo, ex arbitro con oltre cento presenze tra Serie A e Serie B, non usa mezzi termini e invita i fischietti a non perdere l\u2019occasione di fronte a un\u2019indagine della Procura di Milano che prova a far luce su un presunto sistema opaco di designazioni e voti che avrebbe visto tra i protagonisti il designatore (autosospeso) Gianluca Rocchi indagato per concorso in frode sportiva. \u00a0<\/p>\n<p>&#8220;Tanti colleghi, forse, hanno paura di denunciare per il timore di perdere lo status sociale o per mantenere la propria posizione economica. Quando ho denunciato pubblicamente il sistema Aia sono iniziate le vessazioni, l\u2019isolamento, l\u2019allontanamento progressivo dal campo. Ho ricevuto tanta solidariet\u00e0 &#8216;nascosta&#8217; dagli altri arbitri, con pacche sulle spalle o messaggi di incitamento, ma venivo isolato in pubblico o additato come infame. Non ho mai avuto ripensamenti, anche se ero all&#8217;apice della carriera, perch\u00e9 ho fatto la cosa giusta chiedendo rispetto e lealt\u00e0. Una scelta fatta da uomo e da professionista&#8221; spiega all\u2019Adnkronos.\u00a0<\/p>\n<p>La storia di De Meo \u00e8 quella di una scalata fino alla Serie A interrotta quando &#8220;ho scelto ancora una volta di seguire le regole&#8221;. L\u2019episodio \u00e8 quello dopo la partita Milan-Empoli del 2023 quando decide di segnalare alcune dichiarazioni ritenute lesive nei confronti dei vertici arbitrali, applicando il codice etico dell\u2019Associazione italiana arbitri (Aia). Da quel momento il &#8216;declino&#8217;, ma &#8220;non ho mai voluto fare la vittima e sono fiero di non essermi allineato o essere rimasto zitto&#8221; dice chi per 12 anni \u00e8 sempre stato al top dell\u2019arbitraggio. \u00a0<\/p>\n<p>Tensioni tra arbitri, presunti &#8216;aiutini&#8217; in sala Var, giudizi ad personam e non equi sembrano il leit motiv di questa inchiesta del pubblico ministero di Milano Maurizio Ascione. Un\u2019indagine a cui De Meo guarda con fiducia. \u00a0<\/p>\n<p>&#8220;Vedere che la Procura di Milano si muove e scende in campo per accertare i fatti \u00e8 un segnale importante e di imparzialit\u00e0. Nel 2023 il mio caso \u00e8 stato trattato dalla giustizia sportiva, quindi dalla Procura federale, ma sono andato a sbattere contro un muro: la mia indagine \u00e8 stata archiviata e quando ho chiesto l\u2019accesso agli atti mi \u00e8 stato negato. Una doppia &#8216;sconfitta&#8217; che mi fa ritenere di essere stato giudicato da un sistema non imparziale&#8221; spiega. \u00a0<\/p>\n<p>Per l\u2019ex arbitro &#8220;l\u2019Aia \u00e8 un sistema da rifondare. Dovrebbe diventare un ente autonomo, dal punto di vista economico e gestionale, rispetto alla Figc&#8221; con possibili risvolti positivi &#8220;nell\u2019indipendenza del giudizio&#8221; e per far fronte alle pressioni economiche del campo (chi non arbitra non guadagna). &#8220;E anche guardando alla giustizia sportiva, l\u2019autonomia dell\u2019Aia dalla Figc sarebbe un vantaggio&#8221; conclude De Meo.\u00a0<\/p>\n<p>&#8212;<\/p>\n<p>cronaca<\/p>\n<p>webinfo@adnkronos.com (Web Info)<\/p>\n<div style=\"display:flex; gap:10px;justify-content:center\" class=\"wps-pgfw-pdf-generate-icon__wrapper-frontend\">\n\t\t<a  href=\"https:\/\/ciaoup.it?action=genpdf&amp;id=74783\" class=\"pgfw-single-pdf-download-button\" ><img src=\"https:\/\/ciaoup.it\/wp-content\/plugins\/pdf-generator-for-wp\/admin\/src\/images\/PDF_Tray.svg\" title=\"Generate PDF\" style=\"width:auto; height:45px;\"><\/a>\n\t\t<\/div>","protected":false},"excerpt":{"rendered":"<p>(Adnkronos) &#8211; &#8220;Denunciate. Abbiate la forza e il coraggio di esprimere il vostro pensiero contro&hellip;<\/p>\n","protected":false},"author":3,"featured_media":74784,"comment_status":"open","ping_status":"closed","sticky":false,"template":"","format":"standard","meta":{"footnotes":""},"categories":[12],"tags":[3],"class_list":["post-74783","post","type-post","status-publish","format-standard","has-post-thumbnail","hentry","category-comunicati","tag-ultimora"],"_links":{"self":[{"href":"https:\/\/ciaoup.it\/index.php?rest_route=\/wp\/v2\/posts\/74783","targetHints":{"allow":["GET"]}}],"collection":[{"href":"https:\/\/ciaoup.it\/index.php?rest_route=\/wp\/v2\/posts"}],"about":[{"href":"https:\/\/ciaoup.it\/index.php?rest_route=\/wp\/v2\/types\/post"}],"author":[{"embeddable":true,"href":"https:\/\/ciaoup.it\/index.php?rest_route=\/wp\/v2\/users\/3"}],"replies":[{"embeddable":true,"href":"https:\/\/ciaoup.it\/index.php?rest_route=%2Fwp%2Fv2%2Fcomments&post=74783"}],"version-history":[{"count":1,"href":"https:\/\/ciaoup.it\/index.php?rest_route=\/wp\/v2\/posts\/74783\/revisions"}],"predecessor-version":[{"id":74802,"href":"https:\/\/ciaoup.it\/index.php?rest_route=\/wp\/v2\/posts\/74783\/revisions\/74802"}],"wp:featuredmedia":[{"embeddable":true,"href":"https:\/\/ciaoup.it\/index.php?rest_route=\/wp\/v2\/media\/74784"}],"wp:attachment":[{"href":"https:\/\/ciaoup.it\/index.php?rest_route=%2Fwp%2Fv2%2Fmedia&parent=74783"}],"wp:term":[{"taxonomy":"category","embeddable":true,"href":"https:\/\/ciaoup.it\/index.php?rest_route=%2Fwp%2Fv2%2Fcategories&post=74783"},{"taxonomy":"post_tag","embeddable":true,"href":"https:\/\/ciaoup.it\/index.php?rest_route=%2Fwp%2Fv2%2Ftags&post=74783"}],"curies":[{"name":"wp","href":"https:\/\/api.w.org\/{rel}","templated":true}]}}