{"id":74738,"date":"2026-05-03T09:28:36","date_gmt":"2026-05-03T09:28:36","guid":{"rendered":"https:\/\/ciaoup.it\/?p=74738"},"modified":"2026-05-03T09:28:36","modified_gmt":"2026-05-03T09:28:36","slug":"che-tempo-che-fa-oggi-domenica-3-maggio-gli-ospiti-e-le-anticipazioni","status":"publish","type":"post","link":"https:\/\/ciaoup.it\/?p=74738","title":{"rendered":"Che tempo che fa, oggi domenica 3 maggio: gli ospiti e le anticipazioni"},"content":{"rendered":"<p> (Adnkronos) &#8211;<br \/>\nChe tempo che fa torna oggi, domenica 3 maggio, alle 19.30 in diretta sul Nove e in streaming su discovery+ con Fabio Fazio, Luciana Littizzetto e Filippa Lagerb\u00e4ck.<br \/>\n\u00a0<\/p>\n<p>Tra gli ospiti della puntata, in esclusiva il Premio Oscar Pedro Almod\u00f3var, in occasione dell\u2019uscita nelle sale del suo nuovo film &#8216;Amarga Navidad&#8217;, in concorso al prossimo Festival di Cannes e al cinema dal 21 maggio. Nei suoi oltre 40 anni di straordinaria carriera, il pluripremiato regista ha ottenuto numerosi riconoscimenti, tra cui due Premi Oscar (nel 2000 per il Miglior film straniero con &#8216;Tutto su mia madre&#8217; e nel 2003 per la Miglior sceneggiatura con &#8216;Parla con lei&#8217;), sei Goya, due David di Donatello, sei Nastri d\u2019Argento, quattro premi al Festival di Cannes, cinque Bafta e due Leoni d\u2019Oro (di cui uno alla carriera).\u00a0<\/p>\n<p>Spazio ad Alberto Angela, protagonista della nuova stagione di &#8216;Ulisse &#8211; Il piacere della scoperta&#8217;, che nel 2026 festeggia i 25 anni di programmazione. Luca Parmitano, a pochi giorni dalla conclusione della Missione Artemis, che ha visto quattro astronauti orbitare attorno alla Luna raggiungendo la massima distanza mai registrata tra gli esseri umani e la Terra, 406.771 chilometri, segnando l\u2019inizio di una nuova fase dell\u2019esplorazione umana della Luna. Emmanuel Carr\u00e8re, vincitore del Prix M\u00e9dicis e del Premio Grand Continent per il libro &#8216;Kolchoz&#8217;, in uscita in Italia il prossimo 5 maggio, un omaggio a sua madre, H\u00e9l\u00e8ne Carr\u00e8re d\u2019Encausse, scomparsa nel 2023, la pi\u00f9 influente storica francese dell\u2019Unione Sovietica e della Russia, segretaria perpetua dell\u2019Acad\u00e9mie fran\u00e7aise. \u00a0<\/p>\n<p>\nWalter Veltroni, autore del romanzo &#8216;Il bar di Cinecitt\u00e0&#8217;, che restituisce la magia, le contraddizioni e l\u2019umanit\u00e0 di Cinecitt\u00e0, che nel 2027 festegger\u00e0 i 90 anni dalla sua inaugurazione. Enrico Brignano, protagonista su Nove con &#8216;Quando c\u2019\u00e8 Brignano&#8230;&#8217;, ciclo di sei puntate in onda ogni mercoled\u00ec in prima serata dedicato ai suoi migliori spettacoli teatrali, e presto nuovamente in tour sui palchi di tutta Italia con lo spettacolo di grandissimo successo &#8216;Bello di mamma&#8217;. \u00a0<\/p>\n<p>E ancora: Antonio Scurati; il direttore de Il Post Francesco Costa; l\u2019editorialista de la Repubblica Massimo Giannini; Cecilia Sala; Roberto Burioni, Professore Ordinario di Microbiologia e Virologia all\u2019Universit\u00e0 Vita-Salute San Raffaele. A chiudere la puntata l\u2019appuntamento con &#8216;Che tempo che fa \u2013 il Tavolo&#8217; con: Luca Parmitano; Diego Abatantuono; Iva Zanicchi; Nino Frassica; Cristiano Malgioglio; Alessia Marcuzzi; Lello Arena; Orietta Berti; Paolo Rossi; Ubaldo Pantani; Mara Maionchi; Gigi Marzullo; Francesco Paolantoni; la Signora Coriandoli; Giucas Casella.\u00a0<\/p>\n<p>\u00a0\u00a0<\/p>\n<p>&#8212;<\/p>\n<p>spettacoli<\/p>\n<p>webinfo@adnkronos.com (Web Info)<\/p>\n<div style=\"display:flex; gap:10px;justify-content:center\" class=\"wps-pgfw-pdf-generate-icon__wrapper-frontend\">\n\t\t<a  href=\"https:\/\/ciaoup.it?action=genpdf&amp;id=74738\" class=\"pgfw-single-pdf-download-button\" ><img src=\"https:\/\/ciaoup.it\/wp-content\/plugins\/pdf-generator-for-wp\/admin\/src\/images\/PDF_Tray.svg\" title=\"Generate PDF\" style=\"width:auto; height:45px;\"><\/a>\n\t\t<\/div>","protected":false},"excerpt":{"rendered":"<p>(Adnkronos) &#8211; Che tempo che fa torna oggi, domenica 3 maggio, alle 19.30 in diretta&hellip;<\/p>\n","protected":false},"author":3,"featured_media":74739,"comment_status":"open","ping_status":"closed","sticky":false,"template":"","format":"standard","meta":{"footnotes":""},"categories":[12],"tags":[3],"class_list":["post-74738","post","type-post","status-publish","format-standard","has-post-thumbnail","hentry","category-comunicati","tag-ultimora"],"_links":{"self":[{"href":"https:\/\/ciaoup.it\/index.php?rest_route=\/wp\/v2\/posts\/74738","targetHints":{"allow":["GET"]}}],"collection":[{"href":"https:\/\/ciaoup.it\/index.php?rest_route=\/wp\/v2\/posts"}],"about":[{"href":"https:\/\/ciaoup.it\/index.php?rest_route=\/wp\/v2\/types\/post"}],"author":[{"embeddable":true,"href":"https:\/\/ciaoup.it\/index.php?rest_route=\/wp\/v2\/users\/3"}],"replies":[{"embeddable":true,"href":"https:\/\/ciaoup.it\/index.php?rest_route=%2Fwp%2Fv2%2Fcomments&post=74738"}],"version-history":[{"count":1,"href":"https:\/\/ciaoup.it\/index.php?rest_route=\/wp\/v2\/posts\/74738\/revisions"}],"predecessor-version":[{"id":74755,"href":"https:\/\/ciaoup.it\/index.php?rest_route=\/wp\/v2\/posts\/74738\/revisions\/74755"}],"wp:featuredmedia":[{"embeddable":true,"href":"https:\/\/ciaoup.it\/index.php?rest_route=\/wp\/v2\/media\/74739"}],"wp:attachment":[{"href":"https:\/\/ciaoup.it\/index.php?rest_route=%2Fwp%2Fv2%2Fmedia&parent=74738"}],"wp:term":[{"taxonomy":"category","embeddable":true,"href":"https:\/\/ciaoup.it\/index.php?rest_route=%2Fwp%2Fv2%2Fcategories&post=74738"},{"taxonomy":"post_tag","embeddable":true,"href":"https:\/\/ciaoup.it\/index.php?rest_route=%2Fwp%2Fv2%2Ftags&post=74738"}],"curies":[{"name":"wp","href":"https:\/\/api.w.org\/{rel}","templated":true}]}}