{"id":74729,"date":"2026-05-03T09:26:32","date_gmt":"2026-05-03T09:26:32","guid":{"rendered":"https:\/\/ciaoup.it\/?p=74729"},"modified":"2026-05-03T09:26:32","modified_gmt":"2026-05-03T09:26:32","slug":"rubio-atteso-a-roma-una-missione-che-punta-al-disgelo","status":"publish","type":"post","link":"https:\/\/ciaoup.it\/?p=74729","title":{"rendered":"Rubio atteso a Roma, una missione che punta al &#8220;disgelo&#8221;"},"content":{"rendered":"<p> (Adnkronos) &#8211; Il segretario di Stato americano Marco Rubio sar\u00e0 a Roma gioved\u00ec 7 e venerd\u00ec 8 maggio per una serie di incontri istituzionali tra Santa Sede ed esecutivo italiano, in una missione che punta al &#8220;disgelo&#8221; nelle relazioni bilaterali tra Stati Uniti, Vaticano e Italia. Lo rende il Corriere della Sera, secondo cui l\u2019agenda prevede un primo colloquio con il segretario di Stato vaticano Pietro Parolin e, successivamente, incontri con il ministro degli Esteri Antonio Tajani e il ministro della Difesa Guido Crosetto. Non \u00e8 escluso anche un faccia a faccia con la presidente del Consiglio Giorgia Meloni.\u00a0<\/p>\n<p>La visita &#8211; la terza di Rubio in Italia &#8211; arriva in una fase di rapporti tesi tra Washington e Roma, aggravati da recenti dichiarazioni di Donald Trump, che lamenta un mancato contributo italiano all&#8217;operazione militare in Iran. \u00a0<\/p>\n<p>&#8212;<\/p>\n<p>internazionale\/esteri<\/p>\n<p>webinfo@adnkronos.com (Web Info)<\/p>\n<div style=\"display:flex; gap:10px;justify-content:center\" class=\"wps-pgfw-pdf-generate-icon__wrapper-frontend\">\n\t\t<a  href=\"https:\/\/ciaoup.it?action=genpdf&amp;id=74729\" class=\"pgfw-single-pdf-download-button\" ><img src=\"https:\/\/ciaoup.it\/wp-content\/plugins\/pdf-generator-for-wp\/admin\/src\/images\/PDF_Tray.svg\" title=\"Generate PDF\" style=\"width:auto; height:45px;\"><\/a>\n\t\t<\/div>","protected":false},"excerpt":{"rendered":"<p>(Adnkronos) &#8211; Il segretario di Stato americano Marco Rubio sar\u00e0 a Roma gioved\u00ec 7 e&hellip;<\/p>\n","protected":false},"author":3,"featured_media":74730,"comment_status":"open","ping_status":"closed","sticky":false,"template":"","format":"standard","meta":{"footnotes":""},"categories":[12],"tags":[3],"class_list":["post-74729","post","type-post","status-publish","format-standard","has-post-thumbnail","hentry","category-comunicati","tag-ultimora"],"_links":{"self":[{"href":"https:\/\/ciaoup.it\/index.php?rest_route=\/wp\/v2\/posts\/74729","targetHints":{"allow":["GET"]}}],"collection":[{"href":"https:\/\/ciaoup.it\/index.php?rest_route=\/wp\/v2\/posts"}],"about":[{"href":"https:\/\/ciaoup.it\/index.php?rest_route=\/wp\/v2\/types\/post"}],"author":[{"embeddable":true,"href":"https:\/\/ciaoup.it\/index.php?rest_route=\/wp\/v2\/users\/3"}],"replies":[{"embeddable":true,"href":"https:\/\/ciaoup.it\/index.php?rest_route=%2Fwp%2Fv2%2Fcomments&post=74729"}],"version-history":[{"count":1,"href":"https:\/\/ciaoup.it\/index.php?rest_route=\/wp\/v2\/posts\/74729\/revisions"}],"predecessor-version":[{"id":74754,"href":"https:\/\/ciaoup.it\/index.php?rest_route=\/wp\/v2\/posts\/74729\/revisions\/74754"}],"wp:featuredmedia":[{"embeddable":true,"href":"https:\/\/ciaoup.it\/index.php?rest_route=\/wp\/v2\/media\/74730"}],"wp:attachment":[{"href":"https:\/\/ciaoup.it\/index.php?rest_route=%2Fwp%2Fv2%2Fmedia&parent=74729"}],"wp:term":[{"taxonomy":"category","embeddable":true,"href":"https:\/\/ciaoup.it\/index.php?rest_route=%2Fwp%2Fv2%2Fcategories&post=74729"},{"taxonomy":"post_tag","embeddable":true,"href":"https:\/\/ciaoup.it\/index.php?rest_route=%2Fwp%2Fv2%2Ftags&post=74729"}],"curies":[{"name":"wp","href":"https:\/\/api.w.org\/{rel}","templated":true}]}}