{"id":74725,"date":"2026-05-03T08:29:31","date_gmt":"2026-05-03T08:29:31","guid":{"rendered":"https:\/\/ciaoup.it\/?p=74725"},"modified":"2026-05-03T08:29:31","modified_gmt":"2026-05-03T08:29:31","slug":"amici-2026-eliminati-gard-e-riccardo-la-puntata-di-sabato-2-maggio","status":"publish","type":"post","link":"https:\/\/ciaoup.it\/?p=74725","title":{"rendered":"Amici 2026, eliminati Gard e Riccardo: la puntata di sabato 2 maggio"},"content":{"rendered":"<p> (Adnkronos) &#8211; Doppia eliminazione ad Amici 2026 nel serale di ieri, sabato 2 maggio. A lasciare il programma condotto da Maria De Filippi sono stati Gard e Riccardo. \u00a0<\/p>\n<p>Al ballottaggio finale c&#8217;erano Lorenzo che si \u00e8 eisbito con il brano &#8216;Dimmelo tu&#8217;, Riccardo che ha cantato &#8216;Gira&#8217; e Gard che ha chiuso con &#8216;Lacrime di fango&#8217;. I giurati hanno votato in segreto. \u00a0<\/p>\n<p>Gard  (Gabriele), 18 anni, \u00e8 un cantautore e abita a Genova. &#8220;Per me cantare \u00e8 liberarsi, essere se stessi, provare, sbagliare. Tutto ti d\u00e0 qualcosa per fare meglio, soprattutto sbagliare\u201d, aveva detto entrando nel programma. Riccardo, 19 anni, cantautore anche lui, vive a Malnate (Varese). \u201cQuando canto tiro fuori quello che provo, visto che non sono bravo a farlo a parole\u201d, erano state le sue parole.\u00a0<\/p>\n<p>&#8212;<\/p>\n<p>spettacoli<\/p>\n<p>webinfo@adnkronos.com (Web Info)<\/p>\n<div style=\"display:flex; gap:10px;justify-content:center\" class=\"wps-pgfw-pdf-generate-icon__wrapper-frontend\">\n\t\t<a  href=\"https:\/\/ciaoup.it?action=genpdf&amp;id=74725\" class=\"pgfw-single-pdf-download-button\" ><img src=\"https:\/\/ciaoup.it\/wp-content\/plugins\/pdf-generator-for-wp\/admin\/src\/images\/PDF_Tray.svg\" title=\"Generate PDF\" style=\"width:auto; height:45px;\"><\/a>\n\t\t<\/div>","protected":false},"excerpt":{"rendered":"<p>(Adnkronos) &#8211; Doppia eliminazione ad Amici 2026 nel serale di ieri, sabato 2 maggio. A&hellip;<\/p>\n","protected":false},"author":3,"featured_media":74726,"comment_status":"open","ping_status":"closed","sticky":false,"template":"","format":"standard","meta":{"footnotes":""},"categories":[12],"tags":[3],"class_list":["post-74725","post","type-post","status-publish","format-standard","has-post-thumbnail","hentry","category-comunicati","tag-ultimora"],"_links":{"self":[{"href":"https:\/\/ciaoup.it\/index.php?rest_route=\/wp\/v2\/posts\/74725","targetHints":{"allow":["GET"]}}],"collection":[{"href":"https:\/\/ciaoup.it\/index.php?rest_route=\/wp\/v2\/posts"}],"about":[{"href":"https:\/\/ciaoup.it\/index.php?rest_route=\/wp\/v2\/types\/post"}],"author":[{"embeddable":true,"href":"https:\/\/ciaoup.it\/index.php?rest_route=\/wp\/v2\/users\/3"}],"replies":[{"embeddable":true,"href":"https:\/\/ciaoup.it\/index.php?rest_route=%2Fwp%2Fv2%2Fcomments&post=74725"}],"version-history":[{"count":1,"href":"https:\/\/ciaoup.it\/index.php?rest_route=\/wp\/v2\/posts\/74725\/revisions"}],"predecessor-version":[{"id":74743,"href":"https:\/\/ciaoup.it\/index.php?rest_route=\/wp\/v2\/posts\/74725\/revisions\/74743"}],"wp:featuredmedia":[{"embeddable":true,"href":"https:\/\/ciaoup.it\/index.php?rest_route=\/wp\/v2\/media\/74726"}],"wp:attachment":[{"href":"https:\/\/ciaoup.it\/index.php?rest_route=%2Fwp%2Fv2%2Fmedia&parent=74725"}],"wp:term":[{"taxonomy":"category","embeddable":true,"href":"https:\/\/ciaoup.it\/index.php?rest_route=%2Fwp%2Fv2%2Fcategories&post=74725"},{"taxonomy":"post_tag","embeddable":true,"href":"https:\/\/ciaoup.it\/index.php?rest_route=%2Fwp%2Fv2%2Ftags&post=74725"}],"curies":[{"name":"wp","href":"https:\/\/api.w.org\/{rel}","templated":true}]}}