{"id":74577,"date":"2026-05-02T10:50:00","date_gmt":"2026-05-02T10:50:00","guid":{"rendered":"https:\/\/ciaoup.it\/?p=74577"},"modified":"2026-05-02T10:50:00","modified_gmt":"2026-05-02T10:50:00","slug":"addio-ad-alex-zanardi-nel-2001-il-terribile-incidente-che-gli-cambio-la-vita","status":"publish","type":"post","link":"https:\/\/ciaoup.it\/?p=74577","title":{"rendered":"Addio ad Alex Zanardi: nel 2001 il terribile incidente che gli cambi\u00f2 la vita"},"content":{"rendered":"<p> (Adnkronos) &#8211; Il 15 settembre 2001 al Lausitzring, in Germania, la vita del pilota automobilistico Alex Zanardi cambi\u00f2 improvvisamente. Nella gara di Champ Car, dopo una sosta ai box e nella fase di rientro in pista, la monoposto di Zanardi perse il controllo a bassa velocit\u00e0 su un tratto sporco e la sua Reynard Honda &#8211; praticamente ferma sulla pista &#8211; venne centrata in un impatto violentissimo dalla Forsythe guidata dal canadese Alex Tagliani.\u00a0<\/p>\n<p>Nell\u2019impatto, avvenuto a circa di 320 km\/h, la vettura di Tagliani spezz\u00f2 a met\u00e0 la monoposto di Zanardi, il quale sub\u00ec l\u2019amputazione immediata di entrambe le gambe. Quando arriv\u00f2 il responsabile medico della Cart, Steve Olvey, le gambe erano staccate dal corpo e il sangue colava sull\u2019asfalto. Blocc\u00f2 il flusso chiudendo le arterie femorali, ma Alex in quel momento aveva solo un litro di sangue in corpo. Lo trasportarono in elicottero all\u2019ospedale di Berlino, ma il cappellano prima di partire gli impart\u00ec l\u2019estrema unzione. \u00a0<\/p>\n<p>L\u2019elisoccorso atterr\u00f2 sul tetto dell\u2019ospedale e il chirurgo responsabile dell\u2019ospedale lo oper\u00f2 la prima volta gi\u00e0 su quel tetto. Saranno quindici le operazioni, quattro i giorni di coma, sei le settimane di ricovero. Il 31 ottobre 2001 venne dimesso dalla clinica tedesca, pronto ad affrontare la seconda parte della sua straordinaria vita. \u00a0<\/p>\n<p>Zanardi non si arrese, recuper\u00f2 dall&#8217;infortunio e si reinvent\u00f2. Torn\u00f2 a camminare con le protesi e anche a correre in macchina, in diverse categorie. Ma la nuova passione divenne l&#8217;handbike: quarto alla sua prima gara, la Maratona di New York, nel 2007. Nel 2011, conquist\u00f2 il record sui 42 km nella Grande Mela. A Londra arrivarono i primi ori paralimpici. Quattro anni pi\u00f9 tardi, a Rio, conquist\u00f2 altri due ori e un argento nella gara in linea. Tra il 2013 e il 2019 conquist\u00f2 anche 12 titoli mondiali, che ne fecero il pi\u00f9 vincente di sempre nella storia del paraciclismo.\u00a0<\/p>\n<p>\u00a0<\/p>\n<p>Ma la vita di Zanardi \u00e8 stata fatta di lotta, sacrificio e sofferenza. Il 19 giugno 2020, con l&#8217;Italia riaperta da poco dopo il lockdown, Zanardi partecip\u00f2 alla staffetta di beneficenza Obiettivo Tricolore. A San Quirico d\u2019Orcia, in provincia di Siena, l&#8217;ex pilota sulla sua handbike andava a una velocit\u00e0 compresa tra i 45 e i 50 chilometri all&#8217;ora sulla strada provinciale 146 in un tratto in discesa con una pendenza tra il 4 e il 5%. In curva, all&#8217;altezza del comune di Pienza in Val D\u2019Orcia, Zanardi perse il controllo ribaltandosi e finendo contro un camion che arrivava in direzione opposta. Nel violento impatto, il campione perse il casco. \u00a0<\/p>\n<p>Subito soccorso, viene operato al Policlinico Le Scotte di Siena. Il 21 luglio 2020, trentadue giorni dopo l\u2019incidente in handbike, Zanardi lasci\u00f2 l\u2019ospedale di Siena per essere trasferito in un centro specialistico di neuro-riabilitazione di Villa Beretta a Costa Masnaga, nel Lecchese, e poi in altri centri del nord Italia. E&#8217; qui l&#8217;atleta ha affrontato il suo periodo di recupero funzionale, tornando a comunicare ma non a parlare. A un anno e mezzo dal terribile nuovo incidente nel Senese, la moglie Daniela annunci\u00f2 che Alex era tornato a casa. (di Paolo Martini)\u00a0<\/p>\n<p>&#8212;<\/p>\n<p>sport<\/p>\n<p>webinfo@adnkronos.com (Web Info)<\/p>\n<div style=\"display:flex; gap:10px;justify-content:center\" class=\"wps-pgfw-pdf-generate-icon__wrapper-frontend\">\n\t\t<a  href=\"https:\/\/ciaoup.it?action=genpdf&amp;id=74577\" class=\"pgfw-single-pdf-download-button\" ><img src=\"https:\/\/ciaoup.it\/wp-content\/plugins\/pdf-generator-for-wp\/admin\/src\/images\/PDF_Tray.svg\" title=\"Generate PDF\" style=\"width:auto; height:45px;\"><\/a>\n\t\t<\/div>","protected":false},"excerpt":{"rendered":"<p>(Adnkronos) &#8211; Il 15 settembre 2001 al Lausitzring, in Germania, la vita del pilota automobilistico&hellip;<\/p>\n","protected":false},"author":3,"featured_media":74578,"comment_status":"open","ping_status":"closed","sticky":false,"template":"","format":"standard","meta":{"footnotes":""},"categories":[12],"tags":[3],"class_list":["post-74577","post","type-post","status-publish","format-standard","has-post-thumbnail","hentry","category-comunicati","tag-ultimora"],"_links":{"self":[{"href":"https:\/\/ciaoup.it\/index.php?rest_route=\/wp\/v2\/posts\/74577","targetHints":{"allow":["GET"]}}],"collection":[{"href":"https:\/\/ciaoup.it\/index.php?rest_route=\/wp\/v2\/posts"}],"about":[{"href":"https:\/\/ciaoup.it\/index.php?rest_route=\/wp\/v2\/types\/post"}],"author":[{"embeddable":true,"href":"https:\/\/ciaoup.it\/index.php?rest_route=\/wp\/v2\/users\/3"}],"replies":[{"embeddable":true,"href":"https:\/\/ciaoup.it\/index.php?rest_route=%2Fwp%2Fv2%2Fcomments&post=74577"}],"version-history":[{"count":1,"href":"https:\/\/ciaoup.it\/index.php?rest_route=\/wp\/v2\/posts\/74577\/revisions"}],"predecessor-version":[{"id":74594,"href":"https:\/\/ciaoup.it\/index.php?rest_route=\/wp\/v2\/posts\/74577\/revisions\/74594"}],"wp:featuredmedia":[{"embeddable":true,"href":"https:\/\/ciaoup.it\/index.php?rest_route=\/wp\/v2\/media\/74578"}],"wp:attachment":[{"href":"https:\/\/ciaoup.it\/index.php?rest_route=%2Fwp%2Fv2%2Fmedia&parent=74577"}],"wp:term":[{"taxonomy":"category","embeddable":true,"href":"https:\/\/ciaoup.it\/index.php?rest_route=%2Fwp%2Fv2%2Fcategories&post=74577"},{"taxonomy":"post_tag","embeddable":true,"href":"https:\/\/ciaoup.it\/index.php?rest_route=%2Fwp%2Fv2%2Ftags&post=74577"}],"curies":[{"name":"wp","href":"https:\/\/api.w.org\/{rel}","templated":true}]}}