{"id":74570,"date":"2026-05-02T10:11:00","date_gmt":"2026-05-02T10:11:00","guid":{"rendered":"https:\/\/ciaoup.it\/?p=74570"},"modified":"2026-05-02T10:11:00","modified_gmt":"2026-05-02T10:11:00","slug":"e-morto-alex-zanardi-lex-pilota-di-formula-1-e-campione-paralimpico-aveva-59-anni","status":"publish","type":"post","link":"https:\/\/ciaoup.it\/?p=74570","title":{"rendered":"\u00c8 morto Alex Zanardi: l&#8217;ex pilota di Formula 1 e campione paralimpico aveva 59 anni"},"content":{"rendered":"<p> (Adnkronos) &#8211; Addio ad Alex Zanardi. L&#8217;ex pilota di Formula 1 \u00e8 morto oggi, sabato 2 maggio, all&#8217;et\u00e0 di 59 anni. &#8220;E&#8217; con profondo dolore che la famiglia comunica la scomparsa di Alessandro Zanardi, avvenuta improvvisamente nella serata di ieri, 1 maggio&#8221;, ha annunciato la famiglia dell\u2019ex pilota di F1. &#8220;Alex si \u00e8 spento serenamente, circondato dall&#8217;affetto dei suoi cari, la famiglia ringrazia di cuore tutti coloro che in queste ore stanno manifestando vicinanza e chiede il rispetto del proprio dolore e della privacy in questo momento di lutto&#8221;.\u00a0<\/p>\n<p>&#8220;L\u2019Italia perde un grande campione e un uomo straordinario, capace di trasformare ogni prova della vita in una lezione di coraggio, forza e dignit\u00e0. Alex Zanardi ha saputo rimettersi in gioco ogni volta, affrontando anche le sfide pi\u00f9 dure con determinazione, lucidit\u00e0 e una forza d\u2019animo fuori dal comune. Con i suoi risultati sportivi, con il suo esempio e con la sua umanit\u00e0, ha dato a tutti noi molto pi\u00f9 di una vittoria: ha dato speranza, orgoglio e la forza di non arrendersi mai&#8221;. Lo scrive sui social la presidente del Consiglio, Giorgia Meloni. &#8220;A nome mio e del governo rivolgo un pensiero commosso e la pi\u00f9 sincera vicinanza alla sua famiglia e a tutti coloro che gli hanno voluto bene. Grazie di tutto, Alex&#8221;, conclude Meloni.\u00a0<\/p>\n<p>&#8212;<\/p>\n<p>sport<\/p>\n<p>webinfo@adnkronos.com (Web Info)<\/p>\n<div style=\"display:flex; gap:10px;justify-content:center\" class=\"wps-pgfw-pdf-generate-icon__wrapper-frontend\">\n\t\t<a  href=\"https:\/\/ciaoup.it?action=genpdf&amp;id=74570\" class=\"pgfw-single-pdf-download-button\" ><img src=\"https:\/\/ciaoup.it\/wp-content\/plugins\/pdf-generator-for-wp\/admin\/src\/images\/PDF_Tray.svg\" title=\"Generate PDF\" style=\"width:auto; height:45px;\"><\/a>\n\t\t<\/div>","protected":false},"excerpt":{"rendered":"<p>(Adnkronos) &#8211; Addio ad Alex Zanardi. L&#8217;ex pilota di Formula 1 \u00e8 morto oggi, sabato&hellip;<\/p>\n","protected":false},"author":3,"featured_media":74571,"comment_status":"open","ping_status":"closed","sticky":false,"template":"","format":"standard","meta":{"footnotes":""},"categories":[12],"tags":[3],"class_list":["post-74570","post","type-post","status-publish","format-standard","has-post-thumbnail","hentry","category-comunicati","tag-ultimora"],"_links":{"self":[{"href":"https:\/\/ciaoup.it\/index.php?rest_route=\/wp\/v2\/posts\/74570","targetHints":{"allow":["GET"]}}],"collection":[{"href":"https:\/\/ciaoup.it\/index.php?rest_route=\/wp\/v2\/posts"}],"about":[{"href":"https:\/\/ciaoup.it\/index.php?rest_route=\/wp\/v2\/types\/post"}],"author":[{"embeddable":true,"href":"https:\/\/ciaoup.it\/index.php?rest_route=\/wp\/v2\/users\/3"}],"replies":[{"embeddable":true,"href":"https:\/\/ciaoup.it\/index.php?rest_route=%2Fwp%2Fv2%2Fcomments&post=74570"}],"version-history":[{"count":1,"href":"https:\/\/ciaoup.it\/index.php?rest_route=\/wp\/v2\/posts\/74570\/revisions"}],"predecessor-version":[{"id":74587,"href":"https:\/\/ciaoup.it\/index.php?rest_route=\/wp\/v2\/posts\/74570\/revisions\/74587"}],"wp:featuredmedia":[{"embeddable":true,"href":"https:\/\/ciaoup.it\/index.php?rest_route=\/wp\/v2\/media\/74571"}],"wp:attachment":[{"href":"https:\/\/ciaoup.it\/index.php?rest_route=%2Fwp%2Fv2%2Fmedia&parent=74570"}],"wp:term":[{"taxonomy":"category","embeddable":true,"href":"https:\/\/ciaoup.it\/index.php?rest_route=%2Fwp%2Fv2%2Fcategories&post=74570"},{"taxonomy":"post_tag","embeddable":true,"href":"https:\/\/ciaoup.it\/index.php?rest_route=%2Fwp%2Fv2%2Ftags&post=74570"}],"curies":[{"name":"wp","href":"https:\/\/api.w.org\/{rel}","templated":true}]}}