{"id":74561,"date":"2026-05-02T08:52:10","date_gmt":"2026-05-02T08:52:10","guid":{"rendered":"https:\/\/ciaoup.it\/?p=74561"},"modified":"2026-05-02T08:52:10","modified_gmt":"2026-05-02T08:52:10","slug":"weekend-con-il-sole-ma-da-lunedi-cambia-tutto-la-mappa-delle-regioni-colpite-dal-maltempo","status":"publish","type":"post","link":"https:\/\/ciaoup.it\/?p=74561","title":{"rendered":"Weekend con il sole, ma da luned\u00ec cambia tutto: la mappa delle regioni colpite dal maltempo"},"content":{"rendered":"<p> (Adnkronos) &#8211; Weekend con il sole, ma da luned\u00ec cambia tutto secondo quanto indicano le previsioni meteo. Il lungo ponte del Primo Maggio sar\u00e0 una vera e propria oasi di serenit\u00e0 meteorologica per l&#8217;Italia, spiegano gli esperti de iLMeteo.it, grazie alla protezione di un\u2019alta pressione che, pur senza gli eccessi termici diffusi delle scorse settimane, garantisce condizioni ideali per le attivit\u00e0 all&#8217;aperto. Tuttavia, si tratta dei titoli di coda: i modelli matematici indicano infatti un ribaltone imminente dalla prossima settimana con l&#8217;apertura della &#8220;porta atlantica&#8221;. \u00a0<\/p>\n<p>Federico Brescia, meteorologo de iLMeteo.it, conferma che il fine settimana trascorrer\u00e0 all&#8217;insegna della stabilit\u00e0 su quasi tutto il Paese. Il sole sar\u00e0 il protagonista indiscusso, accompagnato da temperature piacevoli e tipicamente primaverili. Le massime si attesteranno diffusamente tra i 22\u00b0C e i 25\u00b0C, con picchi di 25-27\u00b0C in Pianura Padana e zone interne del Centro nella giornata di domenica, quando per\u00f2 inizieranno ad arrivare anche la prime nubi. Il vero cambiamento, per\u00f2, \u00e8 alle porte. Gi\u00e0 dall&#8217;inizio della prossima settimana, l&#8217;alta pressione inizier\u00e0 a cedere sotto la spinta di una serie di perturbazioni provenienti dall&#8217;Oceano Atlantico. Questo flusso umido e instabile segner\u00e0 la fine del periodo asciutto, portando una fase di forte instabilit\u00e0 che colpir\u00e0 in modo particolare le regioni del Nord-Ovest. Le precipitazioni potrebbero risultare abbondanti e persistenti. Il contrasto tra l&#8217;aria pi\u00f9 fresca oceanica e il calore accumulato in questi giorni di sole far\u00e0 da innesco per fenomeni violenti: non si escludono i primi temporali stagionali a carattere grandinigeno, capaci di colpire con intensit\u00e0 le pianure del Nord. \u00a0<\/p>\n<p>Le regioni maggiormente colpite saranno quelle settentrionali, la Toscana e il Lazio. Dopo un aprile a tratti eccezionale, maggio sembra voler ripristinare il tipico dinamismo della primavera. La perturbazione in arrivo non sar\u00e0 un evento isolato, ma l&#8217;inizio di una serie di impulsi instabili che riporteranno la pioggia dove pi\u00f9 serve, pur con il rischio di fenomeni localmente estremi a causa della tanta energia termica in gioco. E\u2019 molto probabile che su diverse regioni italiane il mese di maggio possa risultare, in alcuni tratti, addirittura pi\u00f9 fresco rispetto a quanto sperimentato durante il mese di aprile. Questo scenario si concretizzer\u00e0 soprattutto nelle giornate in cui mancher\u00e0 il diretto irraggiamento solare. Sotto la copertura nuvolosa e in presenza di precipitazioni insistenti, i termometri faranno fatica a salire, rischiando di non toccare nemmeno la soglia dei 20\u00b0C durante il giorno. \u00a0<\/p>\n<p>Sabato 2. Al Nord: soleggiato e pi\u00f9 caldo. Al Centro: bel tempo e pi\u00f9 caldo. Al Sud: soleggiato, nubi sparse sui rilievi, un po\u2019 ventoso.\u00a0<\/p>\n<p>Domenica 3. Al Nord: cielo velato. Al Centro: bel tempo salvo velature sulle aree tirreniche. Al Sud: soleggiato e pi\u00f9 caldo, qualche velatura in Sicilia. \u00a0<\/p>\n<p>Luned\u00ec 4. Al Nord: nuvoloso, piogge su Piemonte e Liguria. Al Centro: nubi in aumento, piovaschi in Toscana entro sera. Al Sud: poco o parzialmente nuvoloso. \u00a0<\/p>\n<p>Tendenza: tempo perturbato per gran parte della settimana, piogge e temporali specie al Centro-Nord.\u00a0<\/p>\n<p>&#8212;<\/p>\n<p>cronaca<\/p>\n<p>webinfo@adnkronos.com (Web Info)<\/p>\n<div style=\"display:flex; gap:10px;justify-content:center\" class=\"wps-pgfw-pdf-generate-icon__wrapper-frontend\">\n\t\t<a  href=\"https:\/\/ciaoup.it?action=genpdf&amp;id=74561\" class=\"pgfw-single-pdf-download-button\" ><img src=\"https:\/\/ciaoup.it\/wp-content\/plugins\/pdf-generator-for-wp\/admin\/src\/images\/PDF_Tray.svg\" title=\"Generate PDF\" style=\"width:auto; height:45px;\"><\/a>\n\t\t<\/div>","protected":false},"excerpt":{"rendered":"<p>(Adnkronos) &#8211; Weekend con il sole, ma da luned\u00ec cambia tutto secondo quanto indicano le&hellip;<\/p>\n","protected":false},"author":3,"featured_media":74562,"comment_status":"open","ping_status":"closed","sticky":false,"template":"","format":"standard","meta":{"footnotes":""},"categories":[12],"tags":[3],"class_list":["post-74561","post","type-post","status-publish","format-standard","has-post-thumbnail","hentry","category-comunicati","tag-ultimora"],"_links":{"self":[{"href":"https:\/\/ciaoup.it\/index.php?rest_route=\/wp\/v2\/posts\/74561","targetHints":{"allow":["GET"]}}],"collection":[{"href":"https:\/\/ciaoup.it\/index.php?rest_route=\/wp\/v2\/posts"}],"about":[{"href":"https:\/\/ciaoup.it\/index.php?rest_route=\/wp\/v2\/types\/post"}],"author":[{"embeddable":true,"href":"https:\/\/ciaoup.it\/index.php?rest_route=\/wp\/v2\/users\/3"}],"replies":[{"embeddable":true,"href":"https:\/\/ciaoup.it\/index.php?rest_route=%2Fwp%2Fv2%2Fcomments&post=74561"}],"version-history":[{"count":1,"href":"https:\/\/ciaoup.it\/index.php?rest_route=\/wp\/v2\/posts\/74561\/revisions"}],"predecessor-version":[{"id":74572,"href":"https:\/\/ciaoup.it\/index.php?rest_route=\/wp\/v2\/posts\/74561\/revisions\/74572"}],"wp:featuredmedia":[{"embeddable":true,"href":"https:\/\/ciaoup.it\/index.php?rest_route=\/wp\/v2\/media\/74562"}],"wp:attachment":[{"href":"https:\/\/ciaoup.it\/index.php?rest_route=%2Fwp%2Fv2%2Fmedia&parent=74561"}],"wp:term":[{"taxonomy":"category","embeddable":true,"href":"https:\/\/ciaoup.it\/index.php?rest_route=%2Fwp%2Fv2%2Fcategories&post=74561"},{"taxonomy":"post_tag","embeddable":true,"href":"https:\/\/ciaoup.it\/index.php?rest_route=%2Fwp%2Fv2%2Ftags&post=74561"}],"curies":[{"name":"wp","href":"https:\/\/api.w.org\/{rel}","templated":true}]}}