{"id":74559,"date":"2026-05-02T08:57:58","date_gmt":"2026-05-02T08:57:58","guid":{"rendered":"https:\/\/ciaoup.it\/?p=74559"},"modified":"2026-05-02T08:57:58","modified_gmt":"2026-05-02T08:57:58","slug":"governo-meloni-da-oggi-diventa-secondo-piu-longevo-della-storia-repubblicana-non-traguardo-ma-responsabilita","status":"publish","type":"post","link":"https:\/\/ciaoup.it\/?p=74559","title":{"rendered":"Governo, Meloni: &#8220;Da oggi diventa secondo pi\u00f9 longevo della storia repubblicana, non traguardo ma responsabilit\u00e0&#8221;"},"content":{"rendered":"<p> (Adnkronos) &#8211; &#8220;Da oggi il governo che ho l\u2019onore di guidare diventa il secondo pi\u00f9 longevo della storia repubblicana. Non lo vivo come un traguardo da festeggiare, ma come una responsabilit\u00e0 ancora pi\u00f9 forte verso gli italiani. Grazie a chi continua a sostenerci, a credere nel nostro lavoro e nella seriet\u00e0 del nostro impegno. Andremo avanti con determinazione per completare il percorso avviato, con rispetto per il mandato ricevuto dai cittadini italiani e con una sola bussola: l\u2019interesse nazionale&#8221;. Lo scrive sui social la presidente del Consiglio, Giorgia Meloni, che oggi taglia il traguardo dei 1.288 giorni di governo, arrivando al secondo posto nella classifica degli esecutivi pi\u00f9 longevi della storia della Repubblica italiana.\u00a0<\/p>\n<p>&#8212;<\/p>\n<p>politica<\/p>\n<p>webinfo@adnkronos.com (Web Info)<\/p>\n<div style=\"display:flex; gap:10px;justify-content:center\" class=\"wps-pgfw-pdf-generate-icon__wrapper-frontend\">\n\t\t<a  href=\"https:\/\/ciaoup.it?action=genpdf&amp;id=74559\" class=\"pgfw-single-pdf-download-button\" ><img src=\"https:\/\/ciaoup.it\/wp-content\/plugins\/pdf-generator-for-wp\/admin\/src\/images\/PDF_Tray.svg\" title=\"Generate PDF\" style=\"width:auto; height:45px;\"><\/a>\n\t\t<\/div>","protected":false},"excerpt":{"rendered":"<p>(Adnkronos) &#8211; &#8220;Da oggi il governo che ho l\u2019onore di guidare diventa il secondo pi\u00f9&hellip;<\/p>\n","protected":false},"author":3,"featured_media":74560,"comment_status":"open","ping_status":"closed","sticky":false,"template":"","format":"standard","meta":{"footnotes":""},"categories":[12],"tags":[3],"class_list":["post-74559","post","type-post","status-publish","format-standard","has-post-thumbnail","hentry","category-comunicati","tag-ultimora"],"_links":{"self":[{"href":"https:\/\/ciaoup.it\/index.php?rest_route=\/wp\/v2\/posts\/74559","targetHints":{"allow":["GET"]}}],"collection":[{"href":"https:\/\/ciaoup.it\/index.php?rest_route=\/wp\/v2\/posts"}],"about":[{"href":"https:\/\/ciaoup.it\/index.php?rest_route=\/wp\/v2\/types\/post"}],"author":[{"embeddable":true,"href":"https:\/\/ciaoup.it\/index.php?rest_route=\/wp\/v2\/users\/3"}],"replies":[{"embeddable":true,"href":"https:\/\/ciaoup.it\/index.php?rest_route=%2Fwp%2Fv2%2Fcomments&post=74559"}],"version-history":[{"count":1,"href":"https:\/\/ciaoup.it\/index.php?rest_route=\/wp\/v2\/posts\/74559\/revisions"}],"predecessor-version":[{"id":74573,"href":"https:\/\/ciaoup.it\/index.php?rest_route=\/wp\/v2\/posts\/74559\/revisions\/74573"}],"wp:featuredmedia":[{"embeddable":true,"href":"https:\/\/ciaoup.it\/index.php?rest_route=\/wp\/v2\/media\/74560"}],"wp:attachment":[{"href":"https:\/\/ciaoup.it\/index.php?rest_route=%2Fwp%2Fv2%2Fmedia&parent=74559"}],"wp:term":[{"taxonomy":"category","embeddable":true,"href":"https:\/\/ciaoup.it\/index.php?rest_route=%2Fwp%2Fv2%2Fcategories&post=74559"},{"taxonomy":"post_tag","embeddable":true,"href":"https:\/\/ciaoup.it\/index.php?rest_route=%2Fwp%2Fv2%2Ftags&post=74559"}],"curies":[{"name":"wp","href":"https:\/\/api.w.org\/{rel}","templated":true}]}}