{"id":74552,"date":"2026-05-02T07:36:00","date_gmt":"2026-05-02T07:36:00","guid":{"rendered":"https:\/\/ciaoup.it\/?p=74552"},"modified":"2026-05-02T07:36:00","modified_gmt":"2026-05-02T07:36:00","slug":"trump-finito-con-liran-prenderemo-il-controllo-di-cuba","status":"publish","type":"post","link":"https:\/\/ciaoup.it\/?p=74552","title":{"rendered":"Trump: &#8220;Finito con l&#8217;Iran prenderemo il controllo di Cuba&#8221;"},"content":{"rendered":"<p> (Adnkronos) &#8211; Dopo aver annunciato un inasprimento delle sanzioni americane, Donald Trump \u00e8 tornato nelle scorse ore a parlare di Cuba, e &#8211; con tono scherzoso, come evidenzia la Cnn &#8211; ha evocato la possibilit\u00e0 che gli Stati Uniti ne &#8220;prendano il controllo&#8221;. &#8220;E&#8217; originario di un posto che si chiama Cuba, un posto di cui prenderemo quasi immediatamente il controllo&#8221;, ha detto il presidente americano rivolgendosi a una persona tra la folla che lo ascoltava durante un evento in Florida.\u00a0<\/p>\n<p>Nel suo intervento Trump ha collegato tutto a quanto accade in Medio Oriente. &#8220;Prima ne finiremo una, mi piacerebbe concludere il lavoro&#8221;, ha affermato, riferendosi all&#8217;Iran. &#8220;Di ritorno dall&#8217;Iran, faremo s\u00ec che una delle nostre grandi unit\u00e0, forse la portaerei Uss Abraham Lincoln, la pi\u00f9 grande al mondo, si avvicini, si mantenga a circa 100 metri dalla costa e ci diranno &#8216;molte grazie, ci arrendiamo&#8217;&#8221;, ha aggiunto, alludendo a quella che &#8211; a suo avviso &#8211; potrebbe essere una risposta delle autorit\u00e0 cubane, mentre il pubblico rideva.\u00a0<\/p>\n<p>Cuba ha gi\u00e0 definito &#8220;illegali&#8221; e &#8220;abusive&#8221; le nuove sanzioni annunciate dagli Usa.\u00a0<\/p>\n<p>&#8212;<\/p>\n<p>internazionale\/esteri<\/p>\n<p>webinfo@adnkronos.com (Web Info)<\/p>\n<div style=\"display:flex; gap:10px;justify-content:center\" class=\"wps-pgfw-pdf-generate-icon__wrapper-frontend\">\n\t\t<a  href=\"https:\/\/ciaoup.it?action=genpdf&amp;id=74552\" class=\"pgfw-single-pdf-download-button\" ><img src=\"https:\/\/ciaoup.it\/wp-content\/plugins\/pdf-generator-for-wp\/admin\/src\/images\/PDF_Tray.svg\" title=\"Generate PDF\" style=\"width:auto; height:45px;\"><\/a>\n\t\t<\/div>","protected":false},"excerpt":{"rendered":"<p>(Adnkronos) &#8211; Dopo aver annunciato un inasprimento delle sanzioni americane, Donald Trump \u00e8 tornato nelle&hellip;<\/p>\n","protected":false},"author":3,"featured_media":74553,"comment_status":"open","ping_status":"closed","sticky":false,"template":"","format":"standard","meta":{"footnotes":""},"categories":[12],"tags":[3],"class_list":["post-74552","post","type-post","status-publish","format-standard","has-post-thumbnail","hentry","category-comunicati","tag-ultimora"],"_links":{"self":[{"href":"https:\/\/ciaoup.it\/index.php?rest_route=\/wp\/v2\/posts\/74552","targetHints":{"allow":["GET"]}}],"collection":[{"href":"https:\/\/ciaoup.it\/index.php?rest_route=\/wp\/v2\/posts"}],"about":[{"href":"https:\/\/ciaoup.it\/index.php?rest_route=\/wp\/v2\/types\/post"}],"author":[{"embeddable":true,"href":"https:\/\/ciaoup.it\/index.php?rest_route=\/wp\/v2\/users\/3"}],"replies":[{"embeddable":true,"href":"https:\/\/ciaoup.it\/index.php?rest_route=%2Fwp%2Fv2%2Fcomments&post=74552"}],"version-history":[{"count":1,"href":"https:\/\/ciaoup.it\/index.php?rest_route=\/wp\/v2\/posts\/74552\/revisions"}],"predecessor-version":[{"id":74565,"href":"https:\/\/ciaoup.it\/index.php?rest_route=\/wp\/v2\/posts\/74552\/revisions\/74565"}],"wp:featuredmedia":[{"embeddable":true,"href":"https:\/\/ciaoup.it\/index.php?rest_route=\/wp\/v2\/media\/74553"}],"wp:attachment":[{"href":"https:\/\/ciaoup.it\/index.php?rest_route=%2Fwp%2Fv2%2Fmedia&parent=74552"}],"wp:term":[{"taxonomy":"category","embeddable":true,"href":"https:\/\/ciaoup.it\/index.php?rest_route=%2Fwp%2Fv2%2Fcategories&post=74552"},{"taxonomy":"post_tag","embeddable":true,"href":"https:\/\/ciaoup.it\/index.php?rest_route=%2Fwp%2Fv2%2Ftags&post=74552"}],"curies":[{"name":"wp","href":"https:\/\/api.w.org\/{rel}","templated":true}]}}