{"id":74511,"date":"2026-05-01T20:50:42","date_gmt":"2026-05-01T20:50:42","guid":{"rendered":"https:\/\/ciaoup.it\/?p=74511"},"modified":"2026-05-01T20:50:42","modified_gmt":"2026-05-01T20:50:42","slug":"delia-cambia-il-testo-di-bella-ciao-al-concertone-cosi-e-piu-attuale","status":"publish","type":"post","link":"https:\/\/ciaoup.it\/?p=74511","title":{"rendered":"Delia cambia il testo di Bella Ciao al Concertone: &#8220;Cos\u00ec \u00e8 pi\u00f9 attuale&#8221;"},"content":{"rendered":"<p> (Adnkronos) &#8211; &#8220;\u00c8 stata una mia scelta&#8221;. Cos\u00ec Delia, intercettata dai cronisti nel backstage del concertone, spiega la decisione di modificare il testo di &#8220;Bella Ciao&#8221; durante la sua esibizione sul palco del Primo Maggio a Roma, sostituendo la parola &#8220;partigiano&#8221; con &#8220;essere umano&#8221;.\u00a0<\/p>\n<p>&#8220;Io penso che fare questo cambio non sia non prendere una posizione, bens\u00ec allargare un po&#8217;&#8221;, spiega l&#8217;artista siciliana. &#8220;Dato tutto ci\u00f2 che sta succedendo in questi giorni, purtroppo la guerra, la parola &#8216;essere umano&#8217; fa capire che non \u00e8 una cosa che riguarda soltanto il passato e la Resistenza in Italia, ma qualcosa che purtroppo succede ancora oggi. E quindi per me \u00e8 prendere una posizione nell&#8217;allargare questo messaggio al mondo&#8221;, conclude.\u00a0<\/p>\n<p>&#8212;<\/p>\n<p>spettacoli<\/p>\n<p>webinfo@adnkronos.com (Web Info)<\/p>\n<div style=\"display:flex; gap:10px;justify-content:center\" class=\"wps-pgfw-pdf-generate-icon__wrapper-frontend\">\n\t\t<a  href=\"https:\/\/ciaoup.it?action=genpdf&amp;id=74511\" class=\"pgfw-single-pdf-download-button\" ><img src=\"https:\/\/ciaoup.it\/wp-content\/plugins\/pdf-generator-for-wp\/admin\/src\/images\/PDF_Tray.svg\" title=\"Generate PDF\" style=\"width:auto; height:45px;\"><\/a>\n\t\t<\/div>","protected":false},"excerpt":{"rendered":"<p>(Adnkronos) &#8211; &#8220;\u00c8 stata una mia scelta&#8221;. Cos\u00ec Delia, intercettata dai cronisti nel backstage del&hellip;<\/p>\n","protected":false},"author":3,"featured_media":74512,"comment_status":"open","ping_status":"closed","sticky":false,"template":"","format":"standard","meta":{"footnotes":""},"categories":[12],"tags":[3],"class_list":["post-74511","post","type-post","status-publish","format-standard","has-post-thumbnail","hentry","category-comunicati","tag-ultimora"],"_links":{"self":[{"href":"https:\/\/ciaoup.it\/index.php?rest_route=\/wp\/v2\/posts\/74511","targetHints":{"allow":["GET"]}}],"collection":[{"href":"https:\/\/ciaoup.it\/index.php?rest_route=\/wp\/v2\/posts"}],"about":[{"href":"https:\/\/ciaoup.it\/index.php?rest_route=\/wp\/v2\/types\/post"}],"author":[{"embeddable":true,"href":"https:\/\/ciaoup.it\/index.php?rest_route=\/wp\/v2\/users\/3"}],"replies":[{"embeddable":true,"href":"https:\/\/ciaoup.it\/index.php?rest_route=%2Fwp%2Fv2%2Fcomments&post=74511"}],"version-history":[{"count":1,"href":"https:\/\/ciaoup.it\/index.php?rest_route=\/wp\/v2\/posts\/74511\/revisions"}],"predecessor-version":[{"id":74520,"href":"https:\/\/ciaoup.it\/index.php?rest_route=\/wp\/v2\/posts\/74511\/revisions\/74520"}],"wp:featuredmedia":[{"embeddable":true,"href":"https:\/\/ciaoup.it\/index.php?rest_route=\/wp\/v2\/media\/74512"}],"wp:attachment":[{"href":"https:\/\/ciaoup.it\/index.php?rest_route=%2Fwp%2Fv2%2Fmedia&parent=74511"}],"wp:term":[{"taxonomy":"category","embeddable":true,"href":"https:\/\/ciaoup.it\/index.php?rest_route=%2Fwp%2Fv2%2Fcategories&post=74511"},{"taxonomy":"post_tag","embeddable":true,"href":"https:\/\/ciaoup.it\/index.php?rest_route=%2Fwp%2Fv2%2Ftags&post=74511"}],"curies":[{"name":"wp","href":"https:\/\/api.w.org\/{rel}","templated":true}]}}