{"id":74505,"date":"2026-05-01T19:40:28","date_gmt":"2026-05-01T19:40:28","guid":{"rendered":"https:\/\/ciaoup.it\/?p=74505"},"modified":"2026-05-01T19:40:28","modified_gmt":"2026-05-01T19:40:28","slug":"concertone-1-maggio-delia-canta-bella-ciao-nazari-palestina-libera","status":"publish","type":"post","link":"https:\/\/ciaoup.it\/?p=74505","title":{"rendered":"Concertone 1 maggio, Delia canta Bella Ciao. Nazari: &#8220;Palestina libera&#8221;"},"content":{"rendered":"<p> (Adnkronos) &#8211; Delia, sul palco del Concertone di Roma in piazza San Giovanni in Laterano, canta &#8216;Bella Ciao&#8217;. &#8220;Questa \u00e8 una canzone che parla di libert\u00e0 e noi dobbiamo continuare a cantarla finch\u00e9 ci sar\u00e0 qualcuno che si arroga il diritto di decidere chi deve vivere e chi morire&#8221;, dice l&#8217;artista al termine della sua esibizione.\u00a0<\/p>\n<p>Un forte appello per la Palestina arriva dal palco arriva da Dutch Nazari che utilizza il suo spazio per richiamare l&#8217;attenzione su &#8220;quello che \u00e8 successo qualche giorno fa alla Global Flotilla: barche cariche di persone altruiste per la Palestina, arrestate come dei criminali ben prima che si avvicinassero alla meta&#8221;. Nazari esorta la piazza a un forte urlo per farlo &#8220;arrivare al governo&#8221; perch\u00e9 &#8220;alle parole di condanna devono seguire fatti concreti&#8221;. L&#8217;artista conclude il suo intervento gridando: &#8220;Palestina libera&#8221;.\u00a0<\/p>\n<p>&#8212;<\/p>\n<p>spettacoli<\/p>\n<p>webinfo@adnkronos.com (Web Info)<\/p>\n<div style=\"display:flex; gap:10px;justify-content:center\" class=\"wps-pgfw-pdf-generate-icon__wrapper-frontend\">\n\t\t<a  href=\"https:\/\/ciaoup.it?action=genpdf&amp;id=74505\" class=\"pgfw-single-pdf-download-button\" ><img src=\"https:\/\/ciaoup.it\/wp-content\/plugins\/pdf-generator-for-wp\/admin\/src\/images\/PDF_Tray.svg\" title=\"Generate PDF\" style=\"width:auto; height:45px;\"><\/a>\n\t\t<\/div>","protected":false},"excerpt":{"rendered":"<p>(Adnkronos) &#8211; Delia, sul palco del Concertone di Roma in piazza San Giovanni in Laterano,&hellip;<\/p>\n","protected":false},"author":3,"featured_media":74506,"comment_status":"open","ping_status":"closed","sticky":false,"template":"","format":"standard","meta":{"footnotes":""},"categories":[12],"tags":[3],"class_list":["post-74505","post","type-post","status-publish","format-standard","has-post-thumbnail","hentry","category-comunicati","tag-ultimora"],"_links":{"self":[{"href":"https:\/\/ciaoup.it\/index.php?rest_route=\/wp\/v2\/posts\/74505","targetHints":{"allow":["GET"]}}],"collection":[{"href":"https:\/\/ciaoup.it\/index.php?rest_route=\/wp\/v2\/posts"}],"about":[{"href":"https:\/\/ciaoup.it\/index.php?rest_route=\/wp\/v2\/types\/post"}],"author":[{"embeddable":true,"href":"https:\/\/ciaoup.it\/index.php?rest_route=\/wp\/v2\/users\/3"}],"replies":[{"embeddable":true,"href":"https:\/\/ciaoup.it\/index.php?rest_route=%2Fwp%2Fv2%2Fcomments&post=74505"}],"version-history":[{"count":1,"href":"https:\/\/ciaoup.it\/index.php?rest_route=\/wp\/v2\/posts\/74505\/revisions"}],"predecessor-version":[{"id":74513,"href":"https:\/\/ciaoup.it\/index.php?rest_route=\/wp\/v2\/posts\/74505\/revisions\/74513"}],"wp:featuredmedia":[{"embeddable":true,"href":"https:\/\/ciaoup.it\/index.php?rest_route=\/wp\/v2\/media\/74506"}],"wp:attachment":[{"href":"https:\/\/ciaoup.it\/index.php?rest_route=%2Fwp%2Fv2%2Fmedia&parent=74505"}],"wp:term":[{"taxonomy":"category","embeddable":true,"href":"https:\/\/ciaoup.it\/index.php?rest_route=%2Fwp%2Fv2%2Fcategories&post=74505"},{"taxonomy":"post_tag","embeddable":true,"href":"https:\/\/ciaoup.it\/index.php?rest_route=%2Fwp%2Fv2%2Ftags&post=74505"}],"curies":[{"name":"wp","href":"https:\/\/api.w.org\/{rel}","templated":true}]}}