{"id":74480,"date":"2026-05-01T15:53:19","date_gmt":"2026-05-01T15:53:19","guid":{"rendered":"https:\/\/ciaoup.it\/?p=74480"},"modified":"2026-05-01T15:53:19","modified_gmt":"2026-05-01T15:53:19","slug":"epidemia-dodio-contro-ebrei-nel-regno-unito-il-peggio-deve-ancora-arrivare-lallarme-del-presidente-della-united-synagogue","status":"publish","type":"post","link":"https:\/\/ciaoup.it\/?p=74480","title":{"rendered":"&#8220;Epidemia d&#8217;odio contro ebrei nel Regno Unito, il peggio deve ancora arrivare&#8221;, l&#8217;allarme del presidente della United Synagogue"},"content":{"rendered":"<p> (Adnkronos) &#8211; \u201cQuesto che stiamo vivendo \u00e8 il risultato di quando la gente scende in strada lungo il Regno Unito al grido di &#8216;Globalizziamo l&#8217;intifada&#8217;: attentati alla vita di componenti della comunit\u00e0 ebraica, attacchi alle istituzioni che ci rappresentano, ai nostri luoghi di culto. Ora abbiamo la certezza che l&#8217;intifada \u00e8 stata davvero globalizzata e noi, qui nel Regno Unito, stiamo pagando il prezzo pi\u00f9 alto, direttamente sulla nostra pelle\u201d. Intervistato dall&#8217;Adnkronos, Saul Taylor, presidente della United Synagogue, commentato con grande amarezza la nuova ondata di violenza che ha scosso la comunit\u00e0 ebraica londinese e parla di &#8220;un&#8217;epidemia di odio&#8221; che potrebbe diffondersi ancora. L&#8217;episodio pi\u00f9 recente, il brutale accoltellamento avvenuto nel cuore di Golders Green due giorni fa, ha riacceso i timori di una comunit\u00e0 che si sente sempre pi\u00f9 vulnerabile nelle proprie strade. \u00a0<\/p>\n<p>\u201cPreghiamo per una pronta guarigione delle vittime accoltellate nel quartire di Golders Green, nell&#8217;ennesimo vile attacco antisemita. I nostri pensieri sono con loro e con le loro famiglie&#8221;, ha detto il presidente della United Synagogue, l&#8217;organizzazione che rappresenta il pilastro della vita religiosa ebraica nel Regno Unito. Fondata per atto del Parlamento nel 1870, \u00e8 la pi\u00f9 grande associazione religiosa ebraica del Paese, raggruppando oltre sessanta congregazioni ortodosse centrali che contano circa quarantamila membri. \u00a0<\/p>\n<p>Sotto la guida spirituale del Rabbino Capo Sir Ephraim Mirvis, che riveste anche il ruolo di Rabbino Capo delle Congregazioni Ebraiche Unite del Commonwealth, l&#8217;istituzione non si occupa solo della gestione delle sinagoghe, ma garantisce l&#8217;infrastruttura fondamentale della vita ebraica, dall&#8217;istruzione nelle scuole ai servizi di assistenza sociale, fungendo da voce autorevole per l&#8217;ebraismo britannico nel dialogo con le istituzioni. Taylor ha sottolineato come, nel corso degli ultimi tempi, la geografia dell&#8217;odio stia colpendo simboli diversi della loro vita comunitaria. Se prima erano soprattutto i luoghi, ora sono sempre di pi\u00f9 le persone. \u00a0<\/p>\n<p>\u00a0<\/p>\n<p>\u201cAncora una volta, gli ebrei vengono presi di mira per le strade del Regno Unito semplicemente perch\u00e9 sono ebrei. Tutto questo deve finire subito! Gli attacchi a Heaton Park, le ambulanze date alle fiamme della nostra associazione di volontariato Hatzola, la sinagoga riformata di Finchley, la vecchia sede di Jewish Futures, la sinagoga unita di Kenton, e parlo solo di quando accaduto nel corso delle ultime settimane. Ora, con i due accoltellamenti di Golders Green la lista si \u00e8 allungata ulteriormente\u201d, denuncia Taylor. \u00a0<\/p>\n<p>Questa escalation lo ha spinto a invocare un intervento istituzionale di ben altra portata rispetto al passato. Un appello che \u00e8 stato immediatamente accolto e messo in atto dal Governo di Keir Starmer in tempi record, tanto da definire emergenza nazionale quanto sta accadendo ai danni della comunit\u00e0 ebraica britannica. L&#8217;esecutivo ha varato un Piano d&#8217;Azione per la Coesione Sociale che prevede ingenti finanziamenti per la sicurezza di sinagoghe e scuole ebraiche, con un fondo iniziale di 25 milioni di sterline destinato ad aumentare fino a 58 milioni per quest\u2019anno prevedendo una crescita della presenza delle forze dell\u2019ordine nelle aree dove \u00e8 maggiormente presente la comunit\u00e0 ebraica. Oltre al supporto economico, sono state introdotte nuove norme per vietare proteste intimidatorie in prossimit\u00e0 dei luoghi di culto e sono state potenziate le unit\u00e0 antiterrorismo incaricate di monitorare l&#8217;estremismo online e offline.\u00a0<\/p>\n<p>econdo i dati del censimento pi\u00f9 recente (svolto nel 2021 per Inghilterra, Galles e Irlanda del Nord, e nel 2022 per la Scozia), il numero totale di persone nel Regno Unito che si identificano come ebree per religione \u00e8 di circa 277.600 di cui quasi la met\u00e0, 145.000, solo a Londra. Saul Taylor ha voluto anche spiegare ulteriormente, con dati alla mano, quanto la sua comunit\u00e0 sta vivendo da qualche anno a questa parte. \u201cNel 2025, il Cst, il Community Security Trust, una nostra organizzazione nazionale che si occupa specificamente della protezione della comunit\u00e0 ebraica britannica contro l\u2019antisemitismo e il terrorismo, coordinando le misure di sicurezza direttamente con il Governo e le forze di polizia, ha registrato il secondo dato annuale pi\u00f9 alto di sempre per gli incidenti di matrice antisemita in tutto il Paese, 3.700, con un aumento del 4% rispetto ai 3.556 incidenti registrati nel 2024. Solo nel 2023, sempre il Cst aveva registrato un numero maggiore, con 4.298 casi di antisemitismo segnalati a seguito di un&#8217;enorme impennata dopo i fatti del 7 ottobre. E il 2026 \u00e8 iniziato nel peggiore dei mondo e si sta evolvendo anche peggio di quanto potessimo immaginare&#8221;. \u00a0<\/p>\n<p>&#8220;Questa \u00e8 un&#8217;epidemia di odio antiebraico che purtroppo non accenner\u00e0 a placarsi. Tutti noi abbiamo il reale presentimento che qualcosa di peggiore accadr\u00e0 nell\u2019arco di pochi mesi\u201d, ha concluso il presidente di United Synagogue. (di Alessandro Allocca)\u00a0<\/p>\n<p>&#8212;<\/p>\n<p>internazionale\/esteri<\/p>\n<p>webinfo@adnkronos.com (Web Info)<\/p>\n<div style=\"display:flex; gap:10px;justify-content:center\" class=\"wps-pgfw-pdf-generate-icon__wrapper-frontend\">\n\t\t<a  href=\"https:\/\/ciaoup.it?action=genpdf&amp;id=74480\" class=\"pgfw-single-pdf-download-button\" ><img src=\"https:\/\/ciaoup.it\/wp-content\/plugins\/pdf-generator-for-wp\/admin\/src\/images\/PDF_Tray.svg\" title=\"Generate PDF\" style=\"width:auto; height:45px;\"><\/a>\n\t\t<\/div>","protected":false},"excerpt":{"rendered":"<p>(Adnkronos) &#8211; \u201cQuesto che stiamo vivendo \u00e8 il risultato di quando la gente scende in&hellip;<\/p>\n","protected":false},"author":3,"featured_media":74481,"comment_status":"open","ping_status":"closed","sticky":false,"template":"","format":"standard","meta":{"footnotes":""},"categories":[12],"tags":[3],"class_list":["post-74480","post","type-post","status-publish","format-standard","has-post-thumbnail","hentry","category-comunicati","tag-ultimora"],"_links":{"self":[{"href":"https:\/\/ciaoup.it\/index.php?rest_route=\/wp\/v2\/posts\/74480","targetHints":{"allow":["GET"]}}],"collection":[{"href":"https:\/\/ciaoup.it\/index.php?rest_route=\/wp\/v2\/posts"}],"about":[{"href":"https:\/\/ciaoup.it\/index.php?rest_route=\/wp\/v2\/types\/post"}],"author":[{"embeddable":true,"href":"https:\/\/ciaoup.it\/index.php?rest_route=\/wp\/v2\/users\/3"}],"replies":[{"embeddable":true,"href":"https:\/\/ciaoup.it\/index.php?rest_route=%2Fwp%2Fv2%2Fcomments&post=74480"}],"version-history":[{"count":1,"href":"https:\/\/ciaoup.it\/index.php?rest_route=\/wp\/v2\/posts\/74480\/revisions"}],"predecessor-version":[{"id":74494,"href":"https:\/\/ciaoup.it\/index.php?rest_route=\/wp\/v2\/posts\/74480\/revisions\/74494"}],"wp:featuredmedia":[{"embeddable":true,"href":"https:\/\/ciaoup.it\/index.php?rest_route=\/wp\/v2\/media\/74481"}],"wp:attachment":[{"href":"https:\/\/ciaoup.it\/index.php?rest_route=%2Fwp%2Fv2%2Fmedia&parent=74480"}],"wp:term":[{"taxonomy":"category","embeddable":true,"href":"https:\/\/ciaoup.it\/index.php?rest_route=%2Fwp%2Fv2%2Fcategories&post=74480"},{"taxonomy":"post_tag","embeddable":true,"href":"https:\/\/ciaoup.it\/index.php?rest_route=%2Fwp%2Fv2%2Ftags&post=74480"}],"curies":[{"name":"wp","href":"https:\/\/api.w.org\/{rel}","templated":true}]}}