{"id":74451,"date":"2026-05-01T13:26:44","date_gmt":"2026-05-01T13:26:44","guid":{"rendered":"https:\/\/ciaoup.it\/?p=74451"},"modified":"2026-05-01T13:26:44","modified_gmt":"2026-05-01T13:26:44","slug":"suora-aggredita-a-gerusalemme-lattacco-e-larresto-del-sospetto","status":"publish","type":"post","link":"https:\/\/ciaoup.it\/?p=74451","title":{"rendered":"Suora aggredita a Gerusalemme, l&#8217;attacco e l&#8217;arresto del sospetto"},"content":{"rendered":"<p> (Adnkronos) &#8211;<br \/>\nAggressione contro una suora francese a Gerusalemme, sul Monte Sion, marted\u00ec scorso. Nelle immagini diffuse dalla polizia israeliana e rilanciate da Channel 12, il momento dell&#8217;attacco alla religiosa. Nel video, la suora  viene gettata a terra da un uomo che la raggiunge correndo per poi sferrarle un un calcio. In seguito alla segnalazione dell&#8217;attacco, fa sapere la polizia israeliana postando un nuovo video sui profili social, &#8220;gli agenti sono intervenuti immediatamente, avviando un&#8217;indagine che ha portato all&#8217;arresto di un sospettato. \u00c8 prevista una richiesta di proroga della sua detenzione&#8221;. La polizia di Israele, si legge ancora, &#8220;tratta qualsiasi attacco ai membri del clero e delle comunit\u00e0 religiose con la massima seriet\u00e0 e applica una politica di tolleranza zero a tutti gli atti di violenza. In una citt\u00e0 sacra allo stesso modo per ebrei, cristiani e musulmani, rimaniamo impegnati a proteggere tutte le comunit\u00e0 e a garantire che i responsabili di violenze siano ritenuti accountable.\u00a0<\/p>\n<p>&#8212;<\/p>\n<p>internazionale\/esteri<\/p>\n<p>webinfo@adnkronos.com (Web Info)<\/p>\n<div style=\"display:flex; gap:10px;justify-content:center\" class=\"wps-pgfw-pdf-generate-icon__wrapper-frontend\">\n\t\t<a  href=\"https:\/\/ciaoup.it?action=genpdf&amp;id=74451\" class=\"pgfw-single-pdf-download-button\" ><img src=\"https:\/\/ciaoup.it\/wp-content\/plugins\/pdf-generator-for-wp\/admin\/src\/images\/PDF_Tray.svg\" title=\"Generate PDF\" style=\"width:auto; height:45px;\"><\/a>\n\t\t<\/div>","protected":false},"excerpt":{"rendered":"<p>(Adnkronos) &#8211; Aggressione contro una suora francese a Gerusalemme, sul Monte Sion, marted\u00ec scorso. Nelle&hellip;<\/p>\n","protected":false},"author":3,"featured_media":74452,"comment_status":"open","ping_status":"closed","sticky":false,"template":"","format":"standard","meta":{"footnotes":""},"categories":[12],"tags":[3],"class_list":["post-74451","post","type-post","status-publish","format-standard","has-post-thumbnail","hentry","category-comunicati","tag-ultimora"],"_links":{"self":[{"href":"https:\/\/ciaoup.it\/index.php?rest_route=\/wp\/v2\/posts\/74451","targetHints":{"allow":["GET"]}}],"collection":[{"href":"https:\/\/ciaoup.it\/index.php?rest_route=\/wp\/v2\/posts"}],"about":[{"href":"https:\/\/ciaoup.it\/index.php?rest_route=\/wp\/v2\/types\/post"}],"author":[{"embeddable":true,"href":"https:\/\/ciaoup.it\/index.php?rest_route=\/wp\/v2\/users\/3"}],"replies":[{"embeddable":true,"href":"https:\/\/ciaoup.it\/index.php?rest_route=%2Fwp%2Fv2%2Fcomments&post=74451"}],"version-history":[{"count":1,"href":"https:\/\/ciaoup.it\/index.php?rest_route=\/wp\/v2\/posts\/74451\/revisions"}],"predecessor-version":[{"id":74473,"href":"https:\/\/ciaoup.it\/index.php?rest_route=\/wp\/v2\/posts\/74451\/revisions\/74473"}],"wp:featuredmedia":[{"embeddable":true,"href":"https:\/\/ciaoup.it\/index.php?rest_route=\/wp\/v2\/media\/74452"}],"wp:attachment":[{"href":"https:\/\/ciaoup.it\/index.php?rest_route=%2Fwp%2Fv2%2Fmedia&parent=74451"}],"wp:term":[{"taxonomy":"category","embeddable":true,"href":"https:\/\/ciaoup.it\/index.php?rest_route=%2Fwp%2Fv2%2Fcategories&post=74451"},{"taxonomy":"post_tag","embeddable":true,"href":"https:\/\/ciaoup.it\/index.php?rest_route=%2Fwp%2Fv2%2Ftags&post=74451"}],"curies":[{"name":"wp","href":"https:\/\/api.w.org\/{rel}","templated":true}]}}