{"id":74442,"date":"2026-05-01T11:45:00","date_gmt":"2026-05-01T11:45:00","guid":{"rendered":"https:\/\/ciaoup.it\/?p=74442"},"modified":"2026-05-01T11:45:00","modified_gmt":"2026-05-01T11:45:00","slug":"1-maggio-margiotta-confsal-salari-detrazioni-e-patto-vincolante-per-tutelare-i-lavoratori","status":"publish","type":"post","link":"https:\/\/ciaoup.it\/?p=74442","title":{"rendered":"1 maggio, Margiotta (Confsal): &#8220;Salari, detrazioni e patto vincolante per tutelare i lavoratori&#8221;"},"content":{"rendered":"<p> (Adnkronos) &#8211; &#8220;Bisogna riconoscere il giusto valore al lavoro, sia pubblico che privato. Occorre intervenire in pi\u00f9 direzioni: contrasto ai salari poveri, recupero del potere d\u2019acquisto, stabilit\u00e0 per i precari, maggiori opportunit\u00e0 per giovani e donne, inclusivit\u00e0 per i lavoratori fragili, pensioni eque, sicurezza nelle aziende e governo equo della transizione digitale. Sono questi i punti del Manifesto del lavoro che proponiamo come sinistra sociale\u201d. Lo afferma il segretario generale della Confsal, Angelo Raffaele Margiotta, intervenendo alla nona edizione della Giornata del lavoro \u201cLavoro e Futuro\u201d, organizzata dal sindacato in Piazza del Plebiscito, a Napoli, in occasione della Festa dei Lavoratori.\u00a0<\/p>\n<p>\u201cQuesto Primo Maggio si colloca in un contesto di difficolt\u00e0 e preoccupazione, segnato anche da un indebolimento del ruolo del sindacato come corpo intermedio. \u00c8 quindi necessario rilanciarne la funzione, restituendogli spazio e capacit\u00e0 di incidere sulle scelte che riguardano il lavoro. La Confsal intende contribuire a questo percorso\u201d. Sul cuneo fiscale, aggiunge, \u201cserve una scelta chiara tra riduzione delle aliquote e incremento delle detrazioni per lavoro dipendente. Ho espresso contrariet\u00e0 al taglio delle aliquote perch\u00e9 i benefici si estendono anche ai redditi pi\u00f9 alti, come dimostra l\u2019ultima legge di bilancio: circa un miliardo di euro, pari a 450 euro a testa, \u00e8 andato a 200mila contribuenti con redditi superiori ai 60mila euro annui. Le detrazioni, invece, indirizzano le risorse esclusivamente verso chi lavora\u201d.\u00a0<\/p>\n<p>\u201cServe un patto per il lavoro concreto e vincolante tra governo, imprese e parti sociali: non bastano dichiarazioni di principio, ma impegni verificabili per ridare dignit\u00e0 al lavoro e governare i cambiamenti in atto\u201d. \u201c\u00c8 indispensabile recuperare il potere d\u2019acquisto delle retribuzioni \u2013 sottolinea Margiotta \u2013 perch\u00e9 oggi troppi lavoratori, pur occupati, non riescono a sostenere il costo della vita. Intervenire su salari bassi e cuneo fiscale \u00e8 una priorit\u00e0 non pi\u00f9 rinviabile\u201d. Sul decreto del Primo Maggio, conclude, \u201caccogliamo positivamente le misure a favore del lavoro, ma proponiamo miglioramenti in Parlamento. Va rafforzato il principio di equa retribuzione con norme universali che garantiscano condizioni dignitose a tutti i lavoratori. Bene il richiamo alla contrattazione, ma serve una distinzione netta tra quella di qualit\u00e0 e quella non adeguata. Occorre inoltre incentivare la contrattazione collettiva, valorizzando il negoziato anche con adeguati strumenti economici e coperture\u201d.\u00a0<\/p>\n<p>&#8212;<\/p>\n<p>economia<\/p>\n<p>webinfo@adnkronos.com (Web Info)<\/p>\n<div style=\"display:flex; gap:10px;justify-content:center\" class=\"wps-pgfw-pdf-generate-icon__wrapper-frontend\">\n\t\t<a  href=\"https:\/\/ciaoup.it?action=genpdf&amp;id=74442\" class=\"pgfw-single-pdf-download-button\" ><img src=\"https:\/\/ciaoup.it\/wp-content\/plugins\/pdf-generator-for-wp\/admin\/src\/images\/PDF_Tray.svg\" title=\"Generate PDF\" style=\"width:auto; height:45px;\"><\/a>\n\t\t<\/div>","protected":false},"excerpt":{"rendered":"<p>(Adnkronos) &#8211; &#8220;Bisogna riconoscere il giusto valore al lavoro, sia pubblico che privato. Occorre intervenire&hellip;<\/p>\n","protected":false},"author":3,"featured_media":74443,"comment_status":"open","ping_status":"closed","sticky":false,"template":"","format":"standard","meta":{"footnotes":""},"categories":[12],"tags":[3],"class_list":["post-74442","post","type-post","status-publish","format-standard","has-post-thumbnail","hentry","category-comunicati","tag-ultimora"],"_links":{"self":[{"href":"https:\/\/ciaoup.it\/index.php?rest_route=\/wp\/v2\/posts\/74442","targetHints":{"allow":["GET"]}}],"collection":[{"href":"https:\/\/ciaoup.it\/index.php?rest_route=\/wp\/v2\/posts"}],"about":[{"href":"https:\/\/ciaoup.it\/index.php?rest_route=\/wp\/v2\/types\/post"}],"author":[{"embeddable":true,"href":"https:\/\/ciaoup.it\/index.php?rest_route=\/wp\/v2\/users\/3"}],"replies":[{"embeddable":true,"href":"https:\/\/ciaoup.it\/index.php?rest_route=%2Fwp%2Fv2%2Fcomments&post=74442"}],"version-history":[{"count":1,"href":"https:\/\/ciaoup.it\/index.php?rest_route=\/wp\/v2\/posts\/74442\/revisions"}],"predecessor-version":[{"id":74454,"href":"https:\/\/ciaoup.it\/index.php?rest_route=\/wp\/v2\/posts\/74442\/revisions\/74454"}],"wp:featuredmedia":[{"embeddable":true,"href":"https:\/\/ciaoup.it\/index.php?rest_route=\/wp\/v2\/media\/74443"}],"wp:attachment":[{"href":"https:\/\/ciaoup.it\/index.php?rest_route=%2Fwp%2Fv2%2Fmedia&parent=74442"}],"wp:term":[{"taxonomy":"category","embeddable":true,"href":"https:\/\/ciaoup.it\/index.php?rest_route=%2Fwp%2Fv2%2Fcategories&post=74442"},{"taxonomy":"post_tag","embeddable":true,"href":"https:\/\/ciaoup.it\/index.php?rest_route=%2Fwp%2Fv2%2Ftags&post=74442"}],"curies":[{"name":"wp","href":"https:\/\/api.w.org\/{rel}","templated":true}]}}