{"id":74427,"date":"2026-05-01T10:05:41","date_gmt":"2026-05-01T10:05:41","guid":{"rendered":"https:\/\/ciaoup.it\/?p=74427"},"modified":"2026-05-01T10:05:41","modified_gmt":"2026-05-01T10:05:41","slug":"flotilla-per-gaza-175-attivisti-sbarcati-a-creta-dopo-larresto","status":"publish","type":"post","link":"https:\/\/ciaoup.it\/?p=74427","title":{"rendered":"Flotilla per Gaza, 175 attivisti sbarcati a Creta dopo l&#8217;arresto"},"content":{"rendered":"<p> (Adnkronos) &#8211; Oltre un centinaio di attivisti della &#8216;Flotilla&#8217; per Gaza, arrestati il giorno precedente al largo dell\u2019isola di Creta dalle forze israeliane, sono sbarcati in un piccolo porto cretese nel sud-est dell\u2019isola, ha constatato un giornalista dell\u2019Afp. Scortati dalla guardia costiera greca, circa 175 attivisti sono stati condotti su quattro autobus verso una citt\u00e0 cretese il cui nome non \u00e8 stato precisato dalle autorit\u00e0, secondo la stessa fonte.\u00a0<\/p>\n<p>Sarebbero in tutto 211, di cui 23 italiani, gli attivisti della Global Sumud Flotilla fermati dalle autorit\u00e0 israeliane al largo di Creta mentre navigavano verso Gaza per tentare di forzare il blocco navale intorno alla Striscia. Il numero totale \u00e8 stato riferito da Helen Coron, rappresentante della Global Sumud France.\u00a0<\/p>\n<p>La Flotilla  &#8220;continuer\u00e0 a vedere Gaza su Youtube&#8221;, ha intanto scritto ieri su X il premier israeliano Benjamin Netanyahu, che si \u00e8 congratulato con la Marina per aver fermato le imbarcazioni. &#8220;Ho ordinato loro di impedire a una flotta di sostenitori di Hamas di raggiungere le coste di Gaza. La missione \u00e8 stata eseguita con pieno successo. Nessuna nave e nessun sostenitore di Hamas \u00e8 arrivato nel nostro territorio, n\u00e9 addirittura nelle nostre acque territoriali. Sono stati rispediti indietro e torneranno nei loro Paesi d&#8217;origine&#8221;.\u00a0<\/p>\n<p>\u00a0<\/p>\n<p>&#8212;<\/p>\n<p>internazionale\/esteri<\/p>\n<p>webinfo@adnkronos.com (Web Info)<\/p>\n<div style=\"display:flex; gap:10px;justify-content:center\" class=\"wps-pgfw-pdf-generate-icon__wrapper-frontend\">\n\t\t<a  href=\"https:\/\/ciaoup.it?action=genpdf&amp;id=74427\" class=\"pgfw-single-pdf-download-button\" ><img src=\"https:\/\/ciaoup.it\/wp-content\/plugins\/pdf-generator-for-wp\/admin\/src\/images\/PDF_Tray.svg\" title=\"Generate PDF\" style=\"width:auto; height:45px;\"><\/a>\n\t\t<\/div>","protected":false},"excerpt":{"rendered":"<p>(Adnkronos) &#8211; Oltre un centinaio di attivisti della &#8216;Flotilla&#8217; per Gaza, arrestati il giorno precedente&hellip;<\/p>\n","protected":false},"author":3,"featured_media":74428,"comment_status":"open","ping_status":"closed","sticky":false,"template":"","format":"standard","meta":{"footnotes":""},"categories":[12],"tags":[3],"class_list":["post-74427","post","type-post","status-publish","format-standard","has-post-thumbnail","hentry","category-comunicati","tag-ultimora"],"_links":{"self":[{"href":"https:\/\/ciaoup.it\/index.php?rest_route=\/wp\/v2\/posts\/74427","targetHints":{"allow":["GET"]}}],"collection":[{"href":"https:\/\/ciaoup.it\/index.php?rest_route=\/wp\/v2\/posts"}],"about":[{"href":"https:\/\/ciaoup.it\/index.php?rest_route=\/wp\/v2\/types\/post"}],"author":[{"embeddable":true,"href":"https:\/\/ciaoup.it\/index.php?rest_route=\/wp\/v2\/users\/3"}],"replies":[{"embeddable":true,"href":"https:\/\/ciaoup.it\/index.php?rest_route=%2Fwp%2Fv2%2Fcomments&post=74427"}],"version-history":[{"count":1,"href":"https:\/\/ciaoup.it\/index.php?rest_route=\/wp\/v2\/posts\/74427\/revisions"}],"predecessor-version":[{"id":74446,"href":"https:\/\/ciaoup.it\/index.php?rest_route=\/wp\/v2\/posts\/74427\/revisions\/74446"}],"wp:featuredmedia":[{"embeddable":true,"href":"https:\/\/ciaoup.it\/index.php?rest_route=\/wp\/v2\/media\/74428"}],"wp:attachment":[{"href":"https:\/\/ciaoup.it\/index.php?rest_route=%2Fwp%2Fv2%2Fmedia&parent=74427"}],"wp:term":[{"taxonomy":"category","embeddable":true,"href":"https:\/\/ciaoup.it\/index.php?rest_route=%2Fwp%2Fv2%2Fcategories&post=74427"},{"taxonomy":"post_tag","embeddable":true,"href":"https:\/\/ciaoup.it\/index.php?rest_route=%2Fwp%2Fv2%2Ftags&post=74427"}],"curies":[{"name":"wp","href":"https:\/\/api.w.org\/{rel}","templated":true}]}}