{"id":74400,"date":"2026-05-01T08:22:07","date_gmt":"2026-05-01T08:22:07","guid":{"rendered":"https:\/\/ciaoup.it\/?p=74400"},"modified":"2026-05-01T08:22:07","modified_gmt":"2026-05-01T08:22:07","slug":"inchiesta-arbitri-dal-caso-inter-roma-alla-spiegazione-di-rocchi-le-novita-di-oggi","status":"publish","type":"post","link":"https:\/\/ciaoup.it\/?p=74400","title":{"rendered":"Inchiesta arbitri, dal caso Inter-Roma alla &#8216;spiegazione&#8217; di Rocchi: le novit\u00e0 di oggi"},"content":{"rendered":"<p> (Adnkronos) &#8211; Il calcio italiano \u00e8 (di nuovo) nel caos per l&#8217;inchiesta arbitri, nella quale &#8216;debutta&#8217; la prima intercettazione. Il designatore di Serie A e B Gianluca Rocchi \u00e8 indagato dalla Procura di Milano per concorso in frode sportiva (per alcuni episodi della stagione 2024\/25) e gli \u00e8 stato notificato un avviso di garanzia. Cos&#8217;\u00e8 successo? L&#8217;accusa \u00e8 di aver fatto pressioni su alcuni arbitri e aver scelto direttori di gara &#8220;graditi all&#8217;Inter&#8221;. Ecco il punto della situazione sull&#8217;inchiesta condotta dal pm Maurizio Ascione e le novit\u00e0 fino a oggi, venerd\u00ec 1 maggio, dopo l&#8217;interrogatorio di ieri del supervisore Var Andrea Gervasoni.\u00a0<\/p>\n<p>I fatti al centro dell&#8217;indagine si rifanno alla passata stagione: al centro ci sono alcune partite di Serie A (Udinese-Parma e Bologna-Inter), la semifinale di Coppa Italia di ritorno Inter-Milan e Salernitana-Modena di Serie B. Gli investigatori vogliono vederci chiaro anche su Inter-Verona del 2023-24: in particolare per l&#8217;episodio della gomitata di Bastoni a Duda.\u00a0<\/p>\n<p>I riflettori si sono accesi anche su uno degli episodi pi\u00f9 contestati dello scorso campionato: il mancato rigore concesso all&#8217;Inter nella sfida contro la Roma, nonostante un&#8217;evidente trattenuta di Ndicka su Bisseck.\u00a0<\/p>\n<p>\nSono cinque gli indagati certi e altri che sarebbero gi\u00e0 inseriti negli atti di un&#8217;inchiesta che si sta allargando pian piano a tutto il mondo arbitrale: oltre al designatore Gianluca Rocchi e al supervisore Var Andrea Gervasoni (entrambi autosospesi dai rispettivi ruoli), l&#8217;assistente Daniele Paterna e altri due assistenti alla sala Var, Rodolfo Di Vuolo e Luigi Nasca. Il sospetto \u00e8 che altri assistenti al Var siano indagati, ma al momento resta un mistero l&#8217;identit\u00e0, cos\u00ec come resta il giallo sulle persone &#8220;in concorso&#8221; che avrebbero, secondo i capi d&#8217;imputazione, contribuito ad alcune designazioni arbitrali &#8216;pilotate&#8217; di fischietti che sarebbero stati graditi all&#8217;Inter.\u00a0<\/p>\n<p>\nGianluca Rocchi \u00e8 stato intercettato ieri dal programma Mediaset\u00a0Le Iene: &#8220;Lavoriamo in una maniera soltanto, per cui non abbiamo grandi problemi. Io sono trasparente con tutti su tutto. Lavoro sempre ed esclusivamente in una maniera soltanto&#8221;. Il designatore ha anche parlato del lavoro fatto su una maggiore chiarezza del Var: &#8220;Totale, ma io l&#8217;ho sempre fatto, quindi non \u00e8 che vi devo promettere quello che sto gi\u00e0 facendo&#8221;.\u00a0<\/p>\n<p>Ieri \u00e8 stato il giorno dell&#8217;interrogatorio di Gervasoni (Gianluca Rocchi non si \u00e8 presentato su consiglio del suo legale D&#8217;Avirro, che ritiene di non avere elementi sufficienti per costruire la difesa: &#8220;Non posso portare una persona all&#8217;interno di un interrogatorio senza sapere quali sono gli elementi d&#8217;accusa. Un domani, quando chiuderanno le indagini, avr\u00f2 a disposizione gli atti del processo, e a quel punto avr\u00f2 il quadro chiaro della situazione e quindi ce lo porter\u00f2).  Gervasoni \u00e8 stato ascoltato per quattro ore. \u201cMi sono messo a disposizione del magistrato e rimango ora in attesa. Ho dato tutte le risposte che dovevo\u201d ha detto ai cronisti, lasciando la caserma della Guardia di Finanza \u2018Silvio Novembre\u2019 di via Oglio, ribadendo di avere \u201crispetto per il lavoro dei magistrati\u201d.\u00a0<\/p>\n<p>Il pm Ascione ha fatto ascoltare a Gervasoni un&#8217;intercettazione tra due arbitri che &#8216;tirano in ballo&#8217; il supervisore Var autosospeso. L&#8217;elemento presentato &#8216;a sorpresa&#8217; nell&#8217;interrogatorio fa ritenere che l&#8217;inchiesta comprenda, appunto, anche intercettazioni.\u00a0<\/p>\n<p>\nCos&#8217;ha detto Gervasoni? Michele Ducci, il suo legale, ha parlato cos\u00ec al termine dell&#8217;interrogatorio: \u201cSu Inter-Roma abbiamo chiarito come anche in quella occasione non sia stato fatto un intervento. Le immagini lo chiariscono in maniera anche abbastanza efficace. Audio Var manomesso? Lo escludo al 100%\u201d. Durante quella partita, del 27 aprile 2025, la sala Var non era intervenuta sul rigore non assegnato dall\u2019arbitro ai nerazzurri per il fallo di Ndicka su Bisseck. \u201cUna decisione che anche in questo caso viene presa in 10-15 secondi, dunque non c\u2019\u00e8 tempo materiale perch\u00e9 qualcuno insista per far prendere una decisione diversa piuttosto che un\u2019altra\u201d ha aggiunto l\u2019avvocato. Quanto all\u2019audio della sala var \u201cnon ho ascoltato nessun audio di Inter-Roma, quindi non so cosa dire\u201d, ha aggiunto. (LEGGI L&#8217;ARTICOLO COMPLETO)\u00a0<\/p>\n<p>\nQuale destino attende l&#8217;Aia? Nei prossimi giorni il Comitato Nazionale Aia si riunir\u00e0 per proporre la decadenza di Antonio Zappi dal ruolo di presidente e da ogni carica federale (come previsto in caso di superamento dei 12 mesi di inibizione). Il Consiglio della Figc dovr\u00e0 poi ratificarla e &#8211; senza Zappi &#8211; il Comitato Nazionale dell\u2019Associazione Italiana Arbitri dovr\u00e0 riunirsi per indire elezioni entro 90 giorni.\u00a0<\/p>\n<p>Tempi stretti, visto che a inizio luglio ci saranno da formare le nuove commissioni e il nuovo presidente dell&#8217;Aia si ritroverebbe i nuovi Organi tecnici definiti dalla governance precedente. Una situazione che, in questo contesto, potrebbe portare al commissariamento da parte della Figc. Al momento, alla guida dell&#8217;Aia c&#8217;\u00e8 il vicepresidente vicario Francesco Massini.\u00a0<\/p>\n<p>In questa situazione, qual \u00e8 la posizione dell&#8217;Inter? Il club nerazzurro e i suoi dirigenti non sono indagati. Inoltre, pochi giorni fa, sulla questione \u00e8 intervenuto anche il presidente Giuseppe Marotta: &#8220;Noi non abbiamo arbitri graditi o non graditi &#8211; le sue parole a Sky Sport, prima della partita di campionato contro il Torino &#8211; sappiamo di aver agito nella massima correttezza, questo \u00e8 il dato pi\u00f9 importante che deve tranquillizzare tutti&#8221;. Sotto i riflettori, c&#8217;\u00e8 anche un presunto incontro sugli arbitri graditi e sgraditi all&#8217;Inter. &#8220;Nella scorsa annata, non lo dico per lamentarmi, abbiamo oggettivamente avuto decisioni avverse anche acclarate, mi riferisco ad esempio al rigore di Inter-Roma. Sono tranquillo, siamo estranei e lo saremo in futuro. Se ci aspettiamo che qualcuno venga ascoltato? Sono stato molto chiaro, non ho nulla da aggiungere\u201d.\u00a0<\/p>\n<p>&#8212;<\/p>\n<p>sport<\/p>\n<p>webinfo@adnkronos.com (Web Info)<\/p>\n<div style=\"display:flex; gap:10px;justify-content:center\" class=\"wps-pgfw-pdf-generate-icon__wrapper-frontend\">\n\t\t<a  href=\"https:\/\/ciaoup.it?action=genpdf&amp;id=74400\" class=\"pgfw-single-pdf-download-button\" ><img src=\"https:\/\/ciaoup.it\/wp-content\/plugins\/pdf-generator-for-wp\/admin\/src\/images\/PDF_Tray.svg\" title=\"Generate PDF\" style=\"width:auto; height:45px;\"><\/a>\n\t\t<\/div>","protected":false},"excerpt":{"rendered":"<p>(Adnkronos) &#8211; Il calcio italiano \u00e8 (di nuovo) nel caos per l&#8217;inchiesta arbitri, nella quale&hellip;<\/p>\n","protected":false},"author":3,"featured_media":74401,"comment_status":"open","ping_status":"closed","sticky":false,"template":"","format":"standard","meta":{"footnotes":""},"categories":[12],"tags":[3],"class_list":["post-74400","post","type-post","status-publish","format-standard","has-post-thumbnail","hentry","category-comunicati","tag-ultimora"],"_links":{"self":[{"href":"https:\/\/ciaoup.it\/index.php?rest_route=\/wp\/v2\/posts\/74400","targetHints":{"allow":["GET"]}}],"collection":[{"href":"https:\/\/ciaoup.it\/index.php?rest_route=\/wp\/v2\/posts"}],"about":[{"href":"https:\/\/ciaoup.it\/index.php?rest_route=\/wp\/v2\/types\/post"}],"author":[{"embeddable":true,"href":"https:\/\/ciaoup.it\/index.php?rest_route=\/wp\/v2\/users\/3"}],"replies":[{"embeddable":true,"href":"https:\/\/ciaoup.it\/index.php?rest_route=%2Fwp%2Fv2%2Fcomments&post=74400"}],"version-history":[{"count":1,"href":"https:\/\/ciaoup.it\/index.php?rest_route=\/wp\/v2\/posts\/74400\/revisions"}],"predecessor-version":[{"id":74422,"href":"https:\/\/ciaoup.it\/index.php?rest_route=\/wp\/v2\/posts\/74400\/revisions\/74422"}],"wp:featuredmedia":[{"embeddable":true,"href":"https:\/\/ciaoup.it\/index.php?rest_route=\/wp\/v2\/media\/74401"}],"wp:attachment":[{"href":"https:\/\/ciaoup.it\/index.php?rest_route=%2Fwp%2Fv2%2Fmedia&parent=74400"}],"wp:term":[{"taxonomy":"category","embeddable":true,"href":"https:\/\/ciaoup.it\/index.php?rest_route=%2Fwp%2Fv2%2Fcategories&post=74400"},{"taxonomy":"post_tag","embeddable":true,"href":"https:\/\/ciaoup.it\/index.php?rest_route=%2Fwp%2Fv2%2Ftags&post=74400"}],"curies":[{"name":"wp","href":"https:\/\/api.w.org\/{rel}","templated":true}]}}