{"id":74398,"date":"2026-05-01T08:23:24","date_gmt":"2026-05-01T08:23:24","guid":{"rendered":"https:\/\/ciaoup.it\/?p=74398"},"modified":"2026-05-01T08:23:24","modified_gmt":"2026-05-01T08:23:24","slug":"spari-dopo-il-corteo-del-25-aprile-oggi-udienza-di-convalida-per-il-21enne-fermato","status":"publish","type":"post","link":"https:\/\/ciaoup.it\/?p=74398","title":{"rendered":"Spari dopo il corteo del 25 aprile, oggi udienza di convalida per il 21enne fermato"},"content":{"rendered":"<p> (Adnkronos) &#8211; E\u2019 fissata per oggi, 1 maggio, l\u2019udienza di convalida per Eitan Bond\u00ec, il ventunenne fermato con l\u2019accusa di tentato omicidio e porto abusivo di armi per aver sparato colpi di pistola ad aria compressa contro un uomo e una donna dell\u2019Anpi al termine del corteo per il 25 aprile nei pressi di Parco Schuster a Roma. Nei confronti del ragazzo, che si trova detenuto a Regina Coeli, la procura di Roma chiede la conferma del carcere. \u00a0<\/p>\n<p>Il giovane, che aveva lasciato l\u2019universit\u00e0 e lavorava come agente immobiliare e rider, \u00e8 stato individuato dai poliziotti della Digos dopo le indagini coordinate dal procuratore di Roma Francesco Lo Voi e dalla pm Lucia Lotti. Il 21enne, iscritto alla Comunit\u00e0 ebraica di Roma, quando \u00e8 stato fermato dalla polizia marted\u00ec sera in commissariato avrebbe ammesso di aver sparato con una pistola softair dicendo di essersi poi disfatto dell&#8217;arma. Nel corso della perquisizione a casa del fermato gli agenti della Digos hanno rinvenuto diverse armi tra cui 4 pistole e tre fucili, oltre a diversi coltelli.\u00a0<\/p>\n<p>\u00a0<\/p>\n<p>\u00a0<\/p>\n<p>La Digos aveva immediatamente acquisito le immagini delle telecamere della zona e sentito i testimoni, individuando  il presunto autore del gesto che a bordo di uno scooter, con giacca mimetica e casco integrale, ha sparato almeno tre colpi contro i due manifestanti che avevano attorno al collo il fazzoletto rosso dell\u2019Anpi (VIDEO). L&#8217;uomo \u00e8 stato ferito vicino al collo e alla guancia mentre la donna alla spalla.\u00a0<\/p>\n<p>Il 21enne, rintracciato grazie alla targa dello scooter nella tarda serata del 28 aprile, \u00e8 residente nella zona di viale Marconi. Subito dopo il ferimento le due vittime, assistite dal personale di Polizia e Digos, avevano sporto denuncia, fornendo una sommaria descrizione dei fatti. Partendo dagli elementi informativi, gli investigatori si sono messi immediatamente al lavoro, ricostruendo non solo la dinamica dei fatti, ma anche l\u2019itinerario tracciato dall\u2019autore del gesto lungo la direttrice di allontanamento dal luogo in cui si \u00e8 consumata l\u2019aggressione.\u00a0<\/p>\n<p>Attraverso un vero e proprio puzzle composto da frame estrapolati dalle numerose telecamere di videosorveglianza in dotazione al Comune di Roma e alla Questura capitolina, infatti, gli investigatori sono riusciti a risalire al modello dello scooter e, attraverso un processo di rielaborazione grafica ad alta risoluzione, ed estrapolare i dati parziali della targa del motoveicolo. Intrecciando i dati dell&#8217;attivit\u00e0 di indagine nell\u2019arco delle prime 48 ore con gli esiti degli approfondimenti attraverso le banche dati della motorizzazione, \u00e8 stato individuato il giovane proprietario dello scooter. Bond\u00ec aveva una busta di un&#8217;azienda di consegne a domicilio, un dettaglio che \u00e8 stato importante insieme alla targa dello scooter per l&#8217;identificazione. Dagli accertamenti della Digos \u00e8 emerso infatti che il giovane lavorava come rider. \u00a0<\/p>\n<p>\u00a0<\/p>\n<p>&#8212;<\/p>\n<p>cronaca<\/p>\n<p>webinfo@adnkronos.com (Web Info)<\/p>\n<div style=\"display:flex; gap:10px;justify-content:center\" class=\"wps-pgfw-pdf-generate-icon__wrapper-frontend\">\n\t\t<a  href=\"https:\/\/ciaoup.it?action=genpdf&amp;id=74398\" class=\"pgfw-single-pdf-download-button\" ><img src=\"https:\/\/ciaoup.it\/wp-content\/plugins\/pdf-generator-for-wp\/admin\/src\/images\/PDF_Tray.svg\" title=\"Generate PDF\" style=\"width:auto; height:45px;\"><\/a>\n\t\t<\/div>","protected":false},"excerpt":{"rendered":"<p>(Adnkronos) &#8211; E\u2019 fissata per oggi, 1 maggio, l\u2019udienza di convalida per Eitan Bond\u00ec, il&hellip;<\/p>\n","protected":false},"author":3,"featured_media":74399,"comment_status":"open","ping_status":"closed","sticky":false,"template":"","format":"standard","meta":{"footnotes":""},"categories":[12],"tags":[3],"class_list":["post-74398","post","type-post","status-publish","format-standard","has-post-thumbnail","hentry","category-comunicati","tag-ultimora"],"_links":{"self":[{"href":"https:\/\/ciaoup.it\/index.php?rest_route=\/wp\/v2\/posts\/74398","targetHints":{"allow":["GET"]}}],"collection":[{"href":"https:\/\/ciaoup.it\/index.php?rest_route=\/wp\/v2\/posts"}],"about":[{"href":"https:\/\/ciaoup.it\/index.php?rest_route=\/wp\/v2\/types\/post"}],"author":[{"embeddable":true,"href":"https:\/\/ciaoup.it\/index.php?rest_route=\/wp\/v2\/users\/3"}],"replies":[{"embeddable":true,"href":"https:\/\/ciaoup.it\/index.php?rest_route=%2Fwp%2Fv2%2Fcomments&post=74398"}],"version-history":[{"count":1,"href":"https:\/\/ciaoup.it\/index.php?rest_route=\/wp\/v2\/posts\/74398\/revisions"}],"predecessor-version":[{"id":74423,"href":"https:\/\/ciaoup.it\/index.php?rest_route=\/wp\/v2\/posts\/74398\/revisions\/74423"}],"wp:featuredmedia":[{"embeddable":true,"href":"https:\/\/ciaoup.it\/index.php?rest_route=\/wp\/v2\/media\/74399"}],"wp:attachment":[{"href":"https:\/\/ciaoup.it\/index.php?rest_route=%2Fwp%2Fv2%2Fmedia&parent=74398"}],"wp:term":[{"taxonomy":"category","embeddable":true,"href":"https:\/\/ciaoup.it\/index.php?rest_route=%2Fwp%2Fv2%2Fcategories&post=74398"},{"taxonomy":"post_tag","embeddable":true,"href":"https:\/\/ciaoup.it\/index.php?rest_route=%2Fwp%2Fv2%2Ftags&post=74398"}],"curies":[{"name":"wp","href":"https:\/\/api.w.org\/{rel}","templated":true}]}}