{"id":74394,"date":"2026-05-01T07:30:17","date_gmt":"2026-05-01T07:30:17","guid":{"rendered":"https:\/\/ciaoup.it\/?p=74394"},"modified":"2026-05-01T07:30:17","modified_gmt":"2026-05-01T07:30:17","slug":"primo-maggio-oggi-il-concertone-a-roma-gli-artisti-in-scaletta","status":"publish","type":"post","link":"https:\/\/ciaoup.it\/?p=74394","title":{"rendered":"Primo Maggio, oggi il Concertone a Roma: gli artisti in scaletta"},"content":{"rendered":"<p> (Adnkronos) &#8211; E&#8217; il giorno del Concertone del Primo Maggio, il tradizionale evento per la Festa dei Lavoratori in piazza San Giovanni in Laterano a Roma, condotto quest&#8217;anno per la prima volta da Arisa e Pierpaolo Spollon, affiancati dalla &#8216;veterana&#8217; BigMama, alla sua terza presenza.\u00a0<\/p>\n<p>Un Concertone, secondo il trio, che sar\u00e0 all&#8217;insegna della &#8220;leggerezza&#8221;, della spontaneit\u00e0 e di un dialogo autentico con i giovani, con la musica al centro per veicolare messaggi importanti &#8220;senza annoiare&#8221;.\u00a0<\/p>\n<p>\u00a0<\/p>\n<p>Come anticipato dal direttore artistico Massimo Bonelli, ad aprire le danze della diretta tv dalla piazza sar\u00e0 Paolo Belli. A chiudere l&#8217;evento, invece, l&#8217;Orchestra Popolare La Notte della Taranta. Salvo sorprese, \u00e8 esclusa la presenza di ospiti internazionali: &#8220;In questo momento storico la musica italiana \u00e8 molto pi\u00f9 centrale nel racconto della nazione e pi\u00f9 rappresentativa di quello che il Paese ascolta&#8221; e a questo si aggiunge un &#8220;contesto di mercato diverso&#8221;, che rende pi\u00f9 complessa la partecipazione di grandi nomi stranieri, ha spiegato infatti Bonelli presentando l&#8217;evento.\u00a0<\/p>\n<p>Sul palco i cantanti che si esibiranno (in ordine alfabetico) saranno: Angelica Bove, Bambole di Pezza, Birthh, Casadilego, Chiello, Delia, Ditonellapiaga Dolcenera, Dutch Nazari, Eddie Brock, Emma Nolde, Ermal Meta, Frah Quintale, Francamente, Francesca Michielin, Fulminacci, Geolier, I Ministri, Irama, La Ni\u00f1a, Lea Gavino, Levante, Liftiba, Maria aAntonietta e Colombre, Mobrici, Niccol\u00f2 Fabi, Nico Arezzo, Okgiorgio, Paolo Belli, Primogenito, Riccardo Cocciante, Rkomi, Rob, Rocco Hunt, Roshelle, Santamarea, Sayf, Senza Cri, Serena Brancale, Sissi.\u00a0<\/p>\n<p>Il Concertone prender\u00e0 il via in piazza a partire dalle 13.30, quando sul palco si esibiranno i gruppi emergenti. A partire dalle 15.15 quindi la diretta tv su Rai3, che andr\u00e0 avanti fino a notte inoltrata con qualche pausa per il telegiornale.\u00a0<\/p>\n<p>A trasmettere in diretta l&#8217;evento per chi non potr\u00e0 essere presente, la radio ufficiale del Concertone Rai Radio 2, ma anche Rainews.it. Il Primo Maggio \u00e8 in onda inoltre su RaiPlay e Rai Italia. \u00a0<\/p>\n<p>\u00a0<\/p>\n<p>&#8212;<\/p>\n<p>spettacoli<\/p>\n<p>webinfo@adnkronos.com (Web Info)<\/p>\n<div style=\"display:flex; gap:10px;justify-content:center\" class=\"wps-pgfw-pdf-generate-icon__wrapper-frontend\">\n\t\t<a  href=\"https:\/\/ciaoup.it?action=genpdf&amp;id=74394\" class=\"pgfw-single-pdf-download-button\" ><img src=\"https:\/\/ciaoup.it\/wp-content\/plugins\/pdf-generator-for-wp\/admin\/src\/images\/PDF_Tray.svg\" title=\"Generate PDF\" style=\"width:auto; height:45px;\"><\/a>\n\t\t<\/div>","protected":false},"excerpt":{"rendered":"<p>(Adnkronos) &#8211; E&#8217; il giorno del Concertone del Primo Maggio, il tradizionale evento per la&hellip;<\/p>\n","protected":false},"author":3,"featured_media":74395,"comment_status":"open","ping_status":"closed","sticky":false,"template":"","format":"standard","meta":{"footnotes":""},"categories":[12],"tags":[3],"class_list":["post-74394","post","type-post","status-publish","format-standard","has-post-thumbnail","hentry","category-comunicati","tag-ultimora"],"_links":{"self":[{"href":"https:\/\/ciaoup.it\/index.php?rest_route=\/wp\/v2\/posts\/74394","targetHints":{"allow":["GET"]}}],"collection":[{"href":"https:\/\/ciaoup.it\/index.php?rest_route=\/wp\/v2\/posts"}],"about":[{"href":"https:\/\/ciaoup.it\/index.php?rest_route=\/wp\/v2\/types\/post"}],"author":[{"embeddable":true,"href":"https:\/\/ciaoup.it\/index.php?rest_route=\/wp\/v2\/users\/3"}],"replies":[{"embeddable":true,"href":"https:\/\/ciaoup.it\/index.php?rest_route=%2Fwp%2Fv2%2Fcomments&post=74394"}],"version-history":[{"count":1,"href":"https:\/\/ciaoup.it\/index.php?rest_route=\/wp\/v2\/posts\/74394\/revisions"}],"predecessor-version":[{"id":74413,"href":"https:\/\/ciaoup.it\/index.php?rest_route=\/wp\/v2\/posts\/74394\/revisions\/74413"}],"wp:featuredmedia":[{"embeddable":true,"href":"https:\/\/ciaoup.it\/index.php?rest_route=\/wp\/v2\/media\/74395"}],"wp:attachment":[{"href":"https:\/\/ciaoup.it\/index.php?rest_route=%2Fwp%2Fv2%2Fmedia&parent=74394"}],"wp:term":[{"taxonomy":"category","embeddable":true,"href":"https:\/\/ciaoup.it\/index.php?rest_route=%2Fwp%2Fv2%2Fcategories&post=74394"},{"taxonomy":"post_tag","embeddable":true,"href":"https:\/\/ciaoup.it\/index.php?rest_route=%2Fwp%2Fv2%2Ftags&post=74394"}],"curies":[{"name":"wp","href":"https:\/\/api.w.org\/{rel}","templated":true}]}}