{"id":74392,"date":"2026-05-01T07:31:01","date_gmt":"2026-05-01T07:31:01","guid":{"rendered":"https:\/\/ciaoup.it\/?p=74392"},"modified":"2026-05-01T07:31:01","modified_gmt":"2026-05-01T07:31:01","slug":"primo-maggio-a-roma-bus-deviati-e-strade-chiuse-per-il-concertone-tutte-le-info","status":"publish","type":"post","link":"https:\/\/ciaoup.it\/?p=74392","title":{"rendered":"Primo Maggio a Roma, bus deviati e strade chiuse per il Concertone: tutte le info"},"content":{"rendered":"<p> (Adnkronos) &#8211; Strade chiuse e bus deviati oggi a Roma per il Concertone del Primo Maggio 2026. Se piazza San Giovanni \u00e8 gi\u00e0 off limits e divieti di fermata sono gi\u00e0 in vigore da ieri su piazza di Porta San Giovanni, nella Capitale cambia la viabilit\u00e0 anche nelle zone circostanti interessate dall&#8217;evento e dalla massiccia affluenza di pubblico. Ecco tutte le info utili.\u00a0<\/p>\n<p>\u00a0<\/p>\n<p>\u00a0<\/p>\n<p>Per lo svolgimento del concerto sar\u00e0 chiusa al traffico l&#8217;area compresa tra via Carlo Felice, piazza di Porta San Giovanni, via Emanuele Filiberto. Durante le chiusure resteranno invece transitabili le direttrici: Amba Aradam &#8211; San Giovanni in Laterano &#8211; Merulana, Nola &#8211; Santa Croce in Gerusalemme, Magna Grecia &#8211; Appio &#8211; Appia &#8211; La Spezia.\u00a0<\/p>\n<p>\u00a0<\/p>\n<p>Deviate oggi da inizio servizio le linee bus 16, 51, 81, 85, 87, 360, 590, 792.\u00a0<\/p>\n<p>Deviate anche le linee bus notturne nMA, n3d, n3s, nMc per consentire gli interventi di Ama dopo il concerto (l&#8217;area rester\u00e0 chiusa sino alle prime ore del 2 maggio).\u00a0<\/p>\n<p>\u00a0<\/p>\n<p>&#8212;<\/p>\n<p>cronaca<\/p>\n<p>webinfo@adnkronos.com (Web Info)<\/p>\n<div style=\"display:flex; gap:10px;justify-content:center\" class=\"wps-pgfw-pdf-generate-icon__wrapper-frontend\">\n\t\t<a  href=\"https:\/\/ciaoup.it?action=genpdf&amp;id=74392\" class=\"pgfw-single-pdf-download-button\" ><img src=\"https:\/\/ciaoup.it\/wp-content\/plugins\/pdf-generator-for-wp\/admin\/src\/images\/PDF_Tray.svg\" title=\"Generate PDF\" style=\"width:auto; height:45px;\"><\/a>\n\t\t<\/div>","protected":false},"excerpt":{"rendered":"<p>(Adnkronos) &#8211; Strade chiuse e bus deviati oggi a Roma per il Concertone del Primo&hellip;<\/p>\n","protected":false},"author":3,"featured_media":74393,"comment_status":"open","ping_status":"closed","sticky":false,"template":"","format":"standard","meta":{"footnotes":""},"categories":[12],"tags":[3],"class_list":["post-74392","post","type-post","status-publish","format-standard","has-post-thumbnail","hentry","category-comunicati","tag-ultimora"],"_links":{"self":[{"href":"https:\/\/ciaoup.it\/index.php?rest_route=\/wp\/v2\/posts\/74392","targetHints":{"allow":["GET"]}}],"collection":[{"href":"https:\/\/ciaoup.it\/index.php?rest_route=\/wp\/v2\/posts"}],"about":[{"href":"https:\/\/ciaoup.it\/index.php?rest_route=\/wp\/v2\/types\/post"}],"author":[{"embeddable":true,"href":"https:\/\/ciaoup.it\/index.php?rest_route=\/wp\/v2\/users\/3"}],"replies":[{"embeddable":true,"href":"https:\/\/ciaoup.it\/index.php?rest_route=%2Fwp%2Fv2%2Fcomments&post=74392"}],"version-history":[{"count":1,"href":"https:\/\/ciaoup.it\/index.php?rest_route=\/wp\/v2\/posts\/74392\/revisions"}],"predecessor-version":[{"id":74414,"href":"https:\/\/ciaoup.it\/index.php?rest_route=\/wp\/v2\/posts\/74392\/revisions\/74414"}],"wp:featuredmedia":[{"embeddable":true,"href":"https:\/\/ciaoup.it\/index.php?rest_route=\/wp\/v2\/media\/74393"}],"wp:attachment":[{"href":"https:\/\/ciaoup.it\/index.php?rest_route=%2Fwp%2Fv2%2Fmedia&parent=74392"}],"wp:term":[{"taxonomy":"category","embeddable":true,"href":"https:\/\/ciaoup.it\/index.php?rest_route=%2Fwp%2Fv2%2Fcategories&post=74392"},{"taxonomy":"post_tag","embeddable":true,"href":"https:\/\/ciaoup.it\/index.php?rest_route=%2Fwp%2Fv2%2Ftags&post=74392"}],"curies":[{"name":"wp","href":"https:\/\/api.w.org\/{rel}","templated":true}]}}