{"id":74386,"date":"2026-05-01T07:35:00","date_gmt":"2026-05-01T07:35:00","guid":{"rendered":"https:\/\/ciaoup.it\/?p=74386"},"modified":"2026-05-01T07:35:00","modified_gmt":"2026-05-01T07:35:00","slug":"primo-maggio-dei-sindacati-allinsegna-dellunita-cgil-cisl-e-uil-insieme-a-marghera","status":"publish","type":"post","link":"https:\/\/ciaoup.it\/?p=74386","title":{"rendered":"Primo Maggio dei sindacati all&#8217;insegna dell&#8217;unit\u00e0: Cgil, Cisl e Uil insieme a Marghera"},"content":{"rendered":"<p> (Adnkronos) &#8211; Primo Maggio all&#8217;insegna dell&#8217;unit\u00e0 sindacale ritrovata per Cgil, Cisl e Uil. Maurizio Landini, Pierpaolo Bombardieri e Daniela Fumarola oggi saranno insieme sul palco di Marghera dopo lo \u2018strappo\u2019 dello scorso anno, quando i tre leader avevano scelto tre citt\u00e0 diverse per celebrare, separatamente, la Festa dei Lavoratori. Si torna dunque insieme, mettendo al centro della manifestazione di quest&#8217;anno il tema del lavoro dignitoso. \u00a0<\/p>\n<p>Intanto per\u00f2, dopo il varo del Dl Lavoro in Cdm, i tre leader hanno idee diverse: promosso da Bombardieri e Fumarola, bocciato da Landini. \u201cEssere in piazza in maniera unitaria non vuol dire pensarla nello stesso modo\u201d, le parole del leader della Cgil nella conferenza stampa di presentazione  del Concertone di Roma. Landini sul decreto ha detto di aver trovato \u201csingolare che per il giorno della festa dei lavoratori, tutti i soldi dentro il decreto siano per le imprese. Per i lavoratori non c&#8217;\u00e8 un euro. L\u2019esperienza dovrebbe insegnare che continuare a dare incentivi alle imprese per fare assunzioni, come noto non serve a incrementarle\u201d. Per Landini \u201cil tema di fondo invece si chiama \u2018salario\u2019 e quindi fisco\u201d.\u00a0<\/p>\n<p>Si \u00e8 detto invece &#8220;molto soddisfatto&#8221; Bombardieri evidenziando che &#8220;per la prima volta c&#8217;\u00e8 un intervento legislativo che identifica il salario giusto e il salario dignitoso con i contratti di Cgil, Cisl e Uil\u201d. Il governo, ha spiegato, non solo \u201cdecide di identificare i contratti comparativamente maggiormente rappresentativi come quelli da utilizzare per il salario dignitoso, ma fa una cosa ancora pi\u00f9 importante, per noi: condiziona gli sgravi all&#8217;utilizzo di questi contratti. \u00c8 un passaggio importante, una nostra battaglia, e credo vada nel senso giusto\u201d. \u00a0<\/p>\n<p>Giudizio positivo di Fumarola anche se \u201cattendiamo di leggere compiutamente il testo per fare delle valutazioni pi\u00f9 di merito\u201d ma intanto \u00e8 \u201cun ottimo risultato quello di aver fissato un principio&#8221;, quello del trattamento economico complessivo (Tec) \u201cdei contratti sottoscritti dalle organizzazioni comparativamente pi\u00f9 rappresentative a livello nazionale. Significa che al di sotto di questo trattamento non \u00e8 salario degno. Per noi \u00e8 un risultato importante\u201d.\u00a0<\/p>\n<p>\nPosizioni distanti che per\u00f2 non sembrano minare un clima disteso: i tre leader si sono incontrati due giorni fa prima dell&#8217;inizio della conferenza stampa per i consueti &#8216;a margine&#8217; con i giornalisti, scambiando battute sorridenti, ma anche facendo due chiacchiere. Bombardieri ha spiegato che &#8220;\u00e8 chiaro che rimangono sfumature e diversit\u00e0 di vedute, come \u00e8 giusto che sia, il pluralismo sindacale in questo paese \u00e8 sempre una ricchezza&#8221; ma &#8220;c\u2019\u00e8 un tema, che \u00e8 quello del lavoro dignitoso, che riguarda tutti&#8221;. E per Fumarola il palco unitario di Marghera \u00e8 \u201cun\u2019assunzione di responsabilit\u00e0 su quelli che sono i valori principali e condivisi sui quali ci siamo sempre confrontati\u201d. Per la numero uno della Cisl &#8220;in un tempo, come quello che stiamo vivendo, davvero complesso, pensiamo che sia assolutamente necessario esserci\u201d. Un\u2019assunzione di responsabilit\u00e0, ribadisce, che \u201cdeve portare a fare delle proposte il pi\u00f9 condivise\u201d. \u00a0<\/p>\n<p>Dal 1970, quando il Primo Maggio pot\u00e9 essere celebrato insieme da Cgil, Cisl e Uil, la prima &#8216;separazione&#8217; si consum\u00f2 dopo 14 anni, nel 1984. Dal 1986 le tre confederazioni ripresero a celebrarlo in modo unitario per arrivare poi allo strappo dello scorso anno, sebbene a unire le tre piazze ci fosse un unico tema, quello della sicurezza sul lavoro.\u00a0<\/p>\n<p>\u00a0<\/p>\n<p>&#8212;<\/p>\n<p>politica<\/p>\n<p>webinfo@adnkronos.com (Web Info)<\/p>\n<div style=\"display:flex; gap:10px;justify-content:center\" class=\"wps-pgfw-pdf-generate-icon__wrapper-frontend\">\n\t\t<a  href=\"https:\/\/ciaoup.it?action=genpdf&amp;id=74386\" class=\"pgfw-single-pdf-download-button\" ><img src=\"https:\/\/ciaoup.it\/wp-content\/plugins\/pdf-generator-for-wp\/admin\/src\/images\/PDF_Tray.svg\" title=\"Generate PDF\" style=\"width:auto; height:45px;\"><\/a>\n\t\t<\/div>","protected":false},"excerpt":{"rendered":"<p>(Adnkronos) &#8211; Primo Maggio all&#8217;insegna dell&#8217;unit\u00e0 sindacale ritrovata per Cgil, Cisl e Uil. Maurizio Landini,&hellip;<\/p>\n","protected":false},"author":3,"featured_media":74387,"comment_status":"open","ping_status":"closed","sticky":false,"template":"","format":"standard","meta":{"footnotes":""},"categories":[12],"tags":[3],"class_list":["post-74386","post","type-post","status-publish","format-standard","has-post-thumbnail","hentry","category-comunicati","tag-ultimora"],"_links":{"self":[{"href":"https:\/\/ciaoup.it\/index.php?rest_route=\/wp\/v2\/posts\/74386","targetHints":{"allow":["GET"]}}],"collection":[{"href":"https:\/\/ciaoup.it\/index.php?rest_route=\/wp\/v2\/posts"}],"about":[{"href":"https:\/\/ciaoup.it\/index.php?rest_route=\/wp\/v2\/types\/post"}],"author":[{"embeddable":true,"href":"https:\/\/ciaoup.it\/index.php?rest_route=\/wp\/v2\/users\/3"}],"replies":[{"embeddable":true,"href":"https:\/\/ciaoup.it\/index.php?rest_route=%2Fwp%2Fv2%2Fcomments&post=74386"}],"version-history":[{"count":1,"href":"https:\/\/ciaoup.it\/index.php?rest_route=\/wp\/v2\/posts\/74386\/revisions"}],"predecessor-version":[{"id":74417,"href":"https:\/\/ciaoup.it\/index.php?rest_route=\/wp\/v2\/posts\/74386\/revisions\/74417"}],"wp:featuredmedia":[{"embeddable":true,"href":"https:\/\/ciaoup.it\/index.php?rest_route=\/wp\/v2\/media\/74387"}],"wp:attachment":[{"href":"https:\/\/ciaoup.it\/index.php?rest_route=%2Fwp%2Fv2%2Fmedia&parent=74386"}],"wp:term":[{"taxonomy":"category","embeddable":true,"href":"https:\/\/ciaoup.it\/index.php?rest_route=%2Fwp%2Fv2%2Fcategories&post=74386"},{"taxonomy":"post_tag","embeddable":true,"href":"https:\/\/ciaoup.it\/index.php?rest_route=%2Fwp%2Fv2%2Ftags&post=74386"}],"curies":[{"name":"wp","href":"https:\/\/api.w.org\/{rel}","templated":true}]}}