{"id":74352,"date":"2026-04-30T19:51:03","date_gmt":"2026-04-30T19:51:03","guid":{"rendered":"https:\/\/ciaoup.it\/?p=74352"},"modified":"2026-04-30T19:51:03","modified_gmt":"2026-04-30T19:51:03","slug":"figc-malago-accelera-verso-la-presidenza-a-breve-sciogliero-riserve-su-candidatura","status":"publish","type":"post","link":"https:\/\/ciaoup.it\/?p=74352","title":{"rendered":"Figc, Malag\u00f2 accelera verso la presidenza: &#8220;A breve scioglier\u00f2 riserve su candidatura&#8221;"},"content":{"rendered":"<p> (Adnkronos) &#8211; L&#8217;ex presidente del Coni Giovanni Malag\u00f2 ha compiuto oggi, gioved\u00ec 30 aprile, un grosso passo avanti verso la presidenza della Figc. Dopo il sostegno gi\u00e0 espresso dalla Lega Serie A, e ribadito oggi dal presidente Simonelli con 19 club su 20 a suo favore, l\u2019ex numero uno del Coni ha incassato anche l\u2019appoggio ufficiale dell\u2019Associazione Italiana Calciatori (Aic) e dell\u2019Associazione Italiana Allenatori Calcio (Aiac), avvicinandosi quindi in modo significativo alla maggioranza necessaria per l\u2019elezione del nuovo presidente federale, prevista per il 22 giugno. Superata, almeno per il momento, l&#8217;ipotesi commissariamento della Federcalcio, come spiegato anche dal numero uno del Coni attuale Luciano Buonfiglio, la presa di posizione congiunta delle due principali componenti tecniche del sistema calcio, che pesa complessivamente per il 30% dei voti in Assemblea federale (Calciatori il 20% e Allenatori il 10%) rafforza ulteriormente la candidatura di Malag\u00f2, che pu\u00f2 ora contare su un pacchetto di consensi vicino al 48%, considerando anche il supporto della Serie A (18%). \u00a0<\/p>\n<p>Oggi calciatori e allenatori dopo essersi riuniti hanno spiegato di aver individuato in Malag\u00f2 \u201cla persona in grado di rispondere alle sfide del presente e soprattutto del futuro\u201d, citando convergenze su temi centrali come sostenibilit\u00e0 economica, riforme istituzionali, progetto tecnico-sportivo, Club Italia e sviluppo del calcio femminile. La corsa alla successione di Gabriele Gravina sembra dunque entrare nella fase decisiva. Con un ampio fronte a favore e altri passaggi ancora da definire, la candidatura di Malag\u00f2 appare oggi pi\u00f9 solida che mai, in attesa che si esprimano le altre componenti federali, la Serie B e la Serie C, che potrebbero risultare determinanti per il verdetto finale. A Malag\u00f2 basterebbe avere l&#8217;appoggio anche solo di una delle altre componenti (6% della Serie B o 12 della Serie C) per avere i numeri per superare l&#8217;altro candidato in pectore, Giancarlo Abete, che con la sua Lega Dilettanti pu\u00f2 contare sul 34% dei voti e che \u00e8 attualmente intenzionato a proseguire l&#8217;iter di raccolta firme per presentare la sua candidatura ufficiale entro il 13 maggio.\u00a0<\/p>\n<p>&#8220;Accolgo con grande soddisfazione la posizione di calciatori e allenatori. Li ringrazio per la loro fiducia che mi responsabilizza ulteriormente nel fare delle valutazioni per la candidatura&#8221;, il commento di Malag\u00f2 all&#8217;endorsement di calciatori e allenatori. L&#8217;ex presidente del Coni avr\u00e0 tempo fino al 13 maggio per sciogliere le riserve, ma lui stesso ha annunciato che una decisione sar\u00e0 presa &#8220;entro fine della prossima settimana per rispetto anche degli incontri fissati con le assemblee di Serie B e C&#8221;.\u00a0<\/p>\n<p>Anche la Serie A in una nota ha accolto &#8220;con favore la posizione espressa dall&#8217;Assocalciatori e dell&#8217;Assoallenatori a sostegno della candidatura di Giovanni Malag\u00f2 alla presidenza della Figc&#8221;. &#8220;Riteniamo significativo che anche queste componenti del sistema calcio condividano l&#8217;indicazione gi\u00e0 formulata da 19 club della Lega. Questa convergenza rappresenta un segnale importante di unit\u00e0 e responsabilit\u00e0, in un momento in cui il calcio italiano ha bisogno di visione, stabilit\u00e0 e capacit\u00e0 di rinnovamento&#8221;, si legge nel comunicato di via Rosellini. \u00a0<\/p>\n<p>&#8212;<\/p>\n<p>sport<\/p>\n<p>webinfo@adnkronos.com (Web Info)<\/p>\n<div style=\"display:flex; gap:10px;justify-content:center\" class=\"wps-pgfw-pdf-generate-icon__wrapper-frontend\">\n\t\t<a  href=\"https:\/\/ciaoup.it?action=genpdf&amp;id=74352\" class=\"pgfw-single-pdf-download-button\" ><img src=\"https:\/\/ciaoup.it\/wp-content\/plugins\/pdf-generator-for-wp\/admin\/src\/images\/PDF_Tray.svg\" title=\"Generate PDF\" style=\"width:auto; height:45px;\"><\/a>\n\t\t<\/div>","protected":false},"excerpt":{"rendered":"<p>(Adnkronos) &#8211; L&#8217;ex presidente del Coni Giovanni Malag\u00f2 ha compiuto oggi, gioved\u00ec 30 aprile, un&hellip;<\/p>\n","protected":false},"author":3,"featured_media":74353,"comment_status":"open","ping_status":"closed","sticky":false,"template":"","format":"standard","meta":{"footnotes":""},"categories":[12],"tags":[3],"class_list":["post-74352","post","type-post","status-publish","format-standard","has-post-thumbnail","hentry","category-comunicati","tag-ultimora"],"_links":{"self":[{"href":"https:\/\/ciaoup.it\/index.php?rest_route=\/wp\/v2\/posts\/74352","targetHints":{"allow":["GET"]}}],"collection":[{"href":"https:\/\/ciaoup.it\/index.php?rest_route=\/wp\/v2\/posts"}],"about":[{"href":"https:\/\/ciaoup.it\/index.php?rest_route=\/wp\/v2\/types\/post"}],"author":[{"embeddable":true,"href":"https:\/\/ciaoup.it\/index.php?rest_route=\/wp\/v2\/users\/3"}],"replies":[{"embeddable":true,"href":"https:\/\/ciaoup.it\/index.php?rest_route=%2Fwp%2Fv2%2Fcomments&post=74352"}],"version-history":[{"count":1,"href":"https:\/\/ciaoup.it\/index.php?rest_route=\/wp\/v2\/posts\/74352\/revisions"}],"predecessor-version":[{"id":74373,"href":"https:\/\/ciaoup.it\/index.php?rest_route=\/wp\/v2\/posts\/74352\/revisions\/74373"}],"wp:featuredmedia":[{"embeddable":true,"href":"https:\/\/ciaoup.it\/index.php?rest_route=\/wp\/v2\/media\/74353"}],"wp:attachment":[{"href":"https:\/\/ciaoup.it\/index.php?rest_route=%2Fwp%2Fv2%2Fmedia&parent=74352"}],"wp:term":[{"taxonomy":"category","embeddable":true,"href":"https:\/\/ciaoup.it\/index.php?rest_route=%2Fwp%2Fv2%2Fcategories&post=74352"},{"taxonomy":"post_tag","embeddable":true,"href":"https:\/\/ciaoup.it\/index.php?rest_route=%2Fwp%2Fv2%2Ftags&post=74352"}],"curies":[{"name":"wp","href":"https:\/\/api.w.org\/{rel}","templated":true}]}}