{"id":74345,"date":"2026-04-30T19:03:00","date_gmt":"2026-04-30T19:03:00","guid":{"rendered":"https:\/\/ciaoup.it\/?p=74345"},"modified":"2026-04-30T19:03:00","modified_gmt":"2026-04-30T19:03:00","slug":"madrid-e-il-giorno-dellaltro-alcaraz-il-fratello-di-carlos-in-campo-nel-torneo-under-16","status":"publish","type":"post","link":"https:\/\/ciaoup.it\/?p=74345","title":{"rendered":"Madrid, \u00e8 il giorno dell&#8217;altro&#8230; Alcaraz: il fratello di Carlos in campo nel torneo Under 16"},"content":{"rendered":"<p> (Adnkronos) &#8211; Un altro&#8230; Alcaraz a Madrid. In assenza di Carlos, alle prese con un fastidioso infortunio al polso (che lo costringer\u00e0 a saltare anche gli Internazionali di Roma e il Roland Garros), sui campi della Caja Magica nel Masters 1000 spagnolo oggi, gioved\u00ec 30 aprile, si \u00e8 visto  Jaime. Chi \u00e8? Il fratello del fuoriclasse spagnolo. Il classe 2011 ha ricevuto  un invito per il torneo Under 16. In tribuna, per il match contro Pol Mas Tabuena, \u00e8 arrivato a supportarlo anche il fratello maggiore, numero 2 del ranking Atp. \u00a0<\/p>\n<p>\u00a0<\/p>\n<p>Curiosit\u00e0. Il vincitore del torneo under 16 verr\u00e0 premiato domenica, lo stesso giorno della finale del torneo maschile. Potrebbe dunque venir fuori un curioso incrocio perch\u00e9 con un successo Jaime (che un mese fa ha vinto il Challenger di Murcia) potrebbe essere premiato accanto a&#8230; Jannik Sinner, qualora l&#8217;azzurro trionfasse nel Masters 1000 di Madrid. Scherzi del destino. \u00a0<\/p>\n<p>&#8212;<\/p>\n<p>sport<\/p>\n<p>webinfo@adnkronos.com (Web Info)<\/p>\n<div style=\"display:flex; gap:10px;justify-content:center\" class=\"wps-pgfw-pdf-generate-icon__wrapper-frontend\">\n\t\t<a  href=\"https:\/\/ciaoup.it?action=genpdf&amp;id=74345\" class=\"pgfw-single-pdf-download-button\" ><img src=\"https:\/\/ciaoup.it\/wp-content\/plugins\/pdf-generator-for-wp\/admin\/src\/images\/PDF_Tray.svg\" title=\"Generate PDF\" style=\"width:auto; height:45px;\"><\/a>\n\t\t<\/div>","protected":false},"excerpt":{"rendered":"<p>(Adnkronos) &#8211; Un altro&#8230; Alcaraz a Madrid. In assenza di Carlos, alle prese con un&hellip;<\/p>\n","protected":false},"author":3,"featured_media":74346,"comment_status":"open","ping_status":"closed","sticky":false,"template":"","format":"standard","meta":{"footnotes":""},"categories":[12],"tags":[3],"class_list":["post-74345","post","type-post","status-publish","format-standard","has-post-thumbnail","hentry","category-comunicati","tag-ultimora"],"_links":{"self":[{"href":"https:\/\/ciaoup.it\/index.php?rest_route=\/wp\/v2\/posts\/74345","targetHints":{"allow":["GET"]}}],"collection":[{"href":"https:\/\/ciaoup.it\/index.php?rest_route=\/wp\/v2\/posts"}],"about":[{"href":"https:\/\/ciaoup.it\/index.php?rest_route=\/wp\/v2\/types\/post"}],"author":[{"embeddable":true,"href":"https:\/\/ciaoup.it\/index.php?rest_route=\/wp\/v2\/users\/3"}],"replies":[{"embeddable":true,"href":"https:\/\/ciaoup.it\/index.php?rest_route=%2Fwp%2Fv2%2Fcomments&post=74345"}],"version-history":[{"count":1,"href":"https:\/\/ciaoup.it\/index.php?rest_route=\/wp\/v2\/posts\/74345\/revisions"}],"predecessor-version":[{"id":74365,"href":"https:\/\/ciaoup.it\/index.php?rest_route=\/wp\/v2\/posts\/74345\/revisions\/74365"}],"wp:featuredmedia":[{"embeddable":true,"href":"https:\/\/ciaoup.it\/index.php?rest_route=\/wp\/v2\/media\/74346"}],"wp:attachment":[{"href":"https:\/\/ciaoup.it\/index.php?rest_route=%2Fwp%2Fv2%2Fmedia&parent=74345"}],"wp:term":[{"taxonomy":"category","embeddable":true,"href":"https:\/\/ciaoup.it\/index.php?rest_route=%2Fwp%2Fv2%2Fcategories&post=74345"},{"taxonomy":"post_tag","embeddable":true,"href":"https:\/\/ciaoup.it\/index.php?rest_route=%2Fwp%2Fv2%2Ftags&post=74345"}],"curies":[{"name":"wp","href":"https:\/\/api.w.org\/{rel}","templated":true}]}}