{"id":74343,"date":"2026-04-30T19:04:48","date_gmt":"2026-04-30T19:04:48","guid":{"rendered":"https:\/\/ciaoup.it\/?p=74343"},"modified":"2026-04-30T19:04:48","modified_gmt":"2026-04-30T19:04:48","slug":"conte-si-e-operato-decorso-regolare-ancora-qualche-giorno-di-convalescenza-e-si-riparte","status":"publish","type":"post","link":"https:\/\/ciaoup.it\/?p=74343","title":{"rendered":"Conte si \u00e8 operato: &#8220;Decorso regolare, ancora qualche giorno di convalescenza e si riparte&#8221;"},"content":{"rendered":"<p> (Adnkronos) &#8211; Sta bene  Giuseppe Conte, reduce da un&#8217;operazione chirurgica alla quale si \u00e8 sottoposto marted\u00ec 28 aprile scorso. Ad aggiornare sulle sue condizioni \u00e8 lo stesso leader M5S, in un post pubblicato sui social.\u00a0<\/p>\n<p>&#8220;Vi ringrazio tutti di cuore &#8211; scrive il numero uno del Movimento &#8211; per i tanti messaggi di affetto e vicinanza. Il decorso dopo l&#8217;intervento chirurgico a cui mi sono sottoposto marted\u00ec \u00e8 regolare: mi sento bene e ho gi\u00e0 ripreso alcune attivit\u00e0 lavorative. Ancora qualche giorno di convalescenza e si riparte. Non vedo l&#8217;ora&#8221;, assicura.\u00a0<\/p>\n<p>Sempre dai social era arrivato l&#8217;annuncio dell&#8217;operazione. &#8220;Avevo in programma tanti appuntamenti in tutta Italia nei prossimi giorni &#8211; aveva scritto Conte il 27 aprile scorso &#8211; , ben felice di incontrarvi e di poter scambiare con voi tante idee. Mi dispiace molto &#8211; l&#8217;annuncio del pentastellato &#8211; ma purtroppo dovr\u00f2 annullare gli incontri pi\u00f9 imminenti perch\u00e9 devo sottopormi a un intervento chirurgico. Per qualche giorno non potremo aggiornarci, ma vi assicuro che non vedo l\u2019ora di riprendere al pi\u00f9 presto le attivit\u00e0, con rinnovata passione. Intanto prosegue senza sosta il lavoro che stiamo portando avanti per scrivere insieme il programma per cambiare il Paese e preparare i &#8220;100 spazi aperti per la democrazia&#8221; di maggio, in cui ognuno potr\u00e0 dare il proprio contributo. A presto&#8221;. Oggi, quindi, l&#8217;aggiornamento.\u00a0<\/p>\n<p>\u00a0<\/p>\n<p>&#8212;<\/p>\n<p>politica<\/p>\n<p>webinfo@adnkronos.com (Web Info)<\/p>\n<div style=\"display:flex; gap:10px;justify-content:center\" class=\"wps-pgfw-pdf-generate-icon__wrapper-frontend\">\n\t\t<a  href=\"https:\/\/ciaoup.it?action=genpdf&amp;id=74343\" class=\"pgfw-single-pdf-download-button\" ><img src=\"https:\/\/ciaoup.it\/wp-content\/plugins\/pdf-generator-for-wp\/admin\/src\/images\/PDF_Tray.svg\" title=\"Generate PDF\" style=\"width:auto; height:45px;\"><\/a>\n\t\t<\/div>","protected":false},"excerpt":{"rendered":"<p>(Adnkronos) &#8211; Sta bene Giuseppe Conte, reduce da un&#8217;operazione chirurgica alla quale si \u00e8 sottoposto&hellip;<\/p>\n","protected":false},"author":3,"featured_media":74344,"comment_status":"open","ping_status":"closed","sticky":false,"template":"","format":"standard","meta":{"footnotes":""},"categories":[12],"tags":[3],"class_list":["post-74343","post","type-post","status-publish","format-standard","has-post-thumbnail","hentry","category-comunicati","tag-ultimora"],"_links":{"self":[{"href":"https:\/\/ciaoup.it\/index.php?rest_route=\/wp\/v2\/posts\/74343","targetHints":{"allow":["GET"]}}],"collection":[{"href":"https:\/\/ciaoup.it\/index.php?rest_route=\/wp\/v2\/posts"}],"about":[{"href":"https:\/\/ciaoup.it\/index.php?rest_route=\/wp\/v2\/types\/post"}],"author":[{"embeddable":true,"href":"https:\/\/ciaoup.it\/index.php?rest_route=\/wp\/v2\/users\/3"}],"replies":[{"embeddable":true,"href":"https:\/\/ciaoup.it\/index.php?rest_route=%2Fwp%2Fv2%2Fcomments&post=74343"}],"version-history":[{"count":1,"href":"https:\/\/ciaoup.it\/index.php?rest_route=\/wp\/v2\/posts\/74343\/revisions"}],"predecessor-version":[{"id":74366,"href":"https:\/\/ciaoup.it\/index.php?rest_route=\/wp\/v2\/posts\/74343\/revisions\/74366"}],"wp:featuredmedia":[{"embeddable":true,"href":"https:\/\/ciaoup.it\/index.php?rest_route=\/wp\/v2\/media\/74344"}],"wp:attachment":[{"href":"https:\/\/ciaoup.it\/index.php?rest_route=%2Fwp%2Fv2%2Fmedia&parent=74343"}],"wp:term":[{"taxonomy":"category","embeddable":true,"href":"https:\/\/ciaoup.it\/index.php?rest_route=%2Fwp%2Fv2%2Fcategories&post=74343"},{"taxonomy":"post_tag","embeddable":true,"href":"https:\/\/ciaoup.it\/index.php?rest_route=%2Fwp%2Fv2%2Ftags&post=74343"}],"curies":[{"name":"wp","href":"https:\/\/api.w.org\/{rel}","templated":true}]}}