{"id":74307,"date":"2026-04-30T17:04:19","date_gmt":"2026-04-30T17:04:19","guid":{"rendered":"https:\/\/ciaoup.it\/?p=74307"},"modified":"2026-04-30T17:04:19","modified_gmt":"2026-04-30T17:04:19","slug":"supermercati-aperti-il-primo-maggio-quali-sono-e-gli-orari","status":"publish","type":"post","link":"https:\/\/ciaoup.it\/?p=74307","title":{"rendered":"Supermercati aperti il primo maggio, quali sono e gli orari"},"content":{"rendered":"<p> (Adnkronos) &#8211; Domani, venerd\u00ec 1 maggio, \u00e8 la Festa dei Lavoratori. Scuole, uffici pubblici e privati restano chiusi in quanto festivit\u00e0 nazionale. Per chi volesse fare la spesa alcuni supermercati prevedono aperture straordinarie. La premessa in un giorno come questo \u00e8 ricordarsi, per evitare un viaggio a vuoto, di verificare se lo store dove vogliamo recarci sia aperto o meno. \u00a0<\/p>\n<p>Aperture e chiusure non variano solo a seconda della catena ma anche delle localit\u00e0 e dei punti vendita. Importante \u00e8 anche l&#8217;orario: \u00e8 possibile che sia ridotto.\u00a0<\/p>\n<p>Per il 1\u00b0 maggio la catena Aldi prvede che tutti i punti vendita siano aperti con orario domenicale (9-20). Anche i supermercati Bennet resteranno aperti dalle 9 alle 20. In tutti i casi meglio controllare sul sito ufficiale come si comportano i vari punti vendita.\u00a0<\/p>\n<p>Aperture a macchia di leopardo per Carrefour e Conad che &#8220;ha previsto un piano di aperture straordinarie in numerose regioni italiane per non farti trovare impreparato e garantirti tutto il necessario per i tuoi festeggiamenti. Curioso di sapere se il tuo punto vendita di fiducia \u00e8 operativo? Scopri l&#8217;elenco completo&#8221;, si legge sul sito ufficiale. \u00a0<\/p>\n<p>In occasione della Festa dei Lavoratori, i negozi Coop &#8220;resteranno chiusi per scelta. Scegliamo di celebrare tutte le persone che hanno conquistato quella libert\u00e0 e quei diritti che oggi abbiamo la responsabilit\u00e0 di custodire. Scegliamo di rispettare il tempo di chi lavora con noi ogni giorno, riconoscendo il suo impegno anche attraverso il diritto a fermarsi. Scegliamo di portare valore a tutta la nostra comunit\u00e0, dando priorit\u00e0 alle persone e ai diritti. Spendiamo queste giornate per festeggiare insieme chi siamo, ci\u00f2 in cui crediamo, ci\u00f2 che ci unisce da sempre&#8221;, scrivono. Negozi chiusi anche per Esselunga. \u00a0<\/p>\n<p>Aperti i centri commerciali Il gigante.Aperti anche gli store Lidl che scrive: &#8220;Il servizio \u00e8 in continuo aggiornamento, quindi durante i periodi festivi potrai conoscere eventuali variazioni di orario o aperture straordinarie per organizzare al meglio la tua spesa&#8221;.\u00a0<\/p>\n<p>Resteranno aperti anche alcuni punti vendita Pam e Penny Market. Aperti tutto il giorno anche i supermercati Pewex e Todis.<br \/>\n\u00a0<\/p>\n<p>&#8212;<\/p>\n<p>cronaca<\/p>\n<p>webinfo@adnkronos.com (Web Info)<\/p>\n<div style=\"display:flex; gap:10px;justify-content:center\" class=\"wps-pgfw-pdf-generate-icon__wrapper-frontend\">\n\t\t<a  href=\"https:\/\/ciaoup.it?action=genpdf&amp;id=74307\" class=\"pgfw-single-pdf-download-button\" ><img src=\"https:\/\/ciaoup.it\/wp-content\/plugins\/pdf-generator-for-wp\/admin\/src\/images\/PDF_Tray.svg\" title=\"Generate PDF\" style=\"width:auto; height:45px;\"><\/a>\n\t\t<\/div>","protected":false},"excerpt":{"rendered":"<p>(Adnkronos) &#8211; Domani, venerd\u00ec 1 maggio, \u00e8 la Festa dei Lavoratori. Scuole, uffici pubblici e&hellip;<\/p>\n","protected":false},"author":3,"featured_media":74308,"comment_status":"open","ping_status":"closed","sticky":false,"template":"","format":"standard","meta":{"footnotes":""},"categories":[12],"tags":[3],"class_list":["post-74307","post","type-post","status-publish","format-standard","has-post-thumbnail","hentry","category-comunicati","tag-ultimora"],"_links":{"self":[{"href":"https:\/\/ciaoup.it\/index.php?rest_route=\/wp\/v2\/posts\/74307","targetHints":{"allow":["GET"]}}],"collection":[{"href":"https:\/\/ciaoup.it\/index.php?rest_route=\/wp\/v2\/posts"}],"about":[{"href":"https:\/\/ciaoup.it\/index.php?rest_route=\/wp\/v2\/types\/post"}],"author":[{"embeddable":true,"href":"https:\/\/ciaoup.it\/index.php?rest_route=\/wp\/v2\/users\/3"}],"replies":[{"embeddable":true,"href":"https:\/\/ciaoup.it\/index.php?rest_route=%2Fwp%2Fv2%2Fcomments&post=74307"}],"version-history":[{"count":1,"href":"https:\/\/ciaoup.it\/index.php?rest_route=\/wp\/v2\/posts\/74307\/revisions"}],"predecessor-version":[{"id":74338,"href":"https:\/\/ciaoup.it\/index.php?rest_route=\/wp\/v2\/posts\/74307\/revisions\/74338"}],"wp:featuredmedia":[{"embeddable":true,"href":"https:\/\/ciaoup.it\/index.php?rest_route=\/wp\/v2\/media\/74308"}],"wp:attachment":[{"href":"https:\/\/ciaoup.it\/index.php?rest_route=%2Fwp%2Fv2%2Fmedia&parent=74307"}],"wp:term":[{"taxonomy":"category","embeddable":true,"href":"https:\/\/ciaoup.it\/index.php?rest_route=%2Fwp%2Fv2%2Fcategories&post=74307"},{"taxonomy":"post_tag","embeddable":true,"href":"https:\/\/ciaoup.it\/index.php?rest_route=%2Fwp%2Fv2%2Ftags&post=74307"}],"curies":[{"name":"wp","href":"https:\/\/api.w.org\/{rel}","templated":true}]}}