{"id":74295,"date":"2026-04-30T16:22:00","date_gmt":"2026-04-30T16:22:00","guid":{"rendered":"https:\/\/ciaoup.it\/?p=74295"},"modified":"2026-04-30T16:22:00","modified_gmt":"2026-04-30T16:22:00","slug":"lega-bufera-a-vigevano-spuntano-due-candidati-della-comunita-musulmana","status":"publish","type":"post","link":"https:\/\/ciaoup.it\/?p=74295","title":{"rendered":"Lega, bufera a Vigevano: spuntano due candidati della comunit\u00e0 musulmana"},"content":{"rendered":"<p> (Adnkronos) &#8211;<br \/>\nBufera sulla sezione vigevanese della Lega. A far discutere \u00e8 la candidatura nella lista del Carroccio per Riccardo Ghia sindaco di due esponenti della comunit\u00e0 musulmana di Vigevano: si tratta del portavoce della locale comunit\u00e0 islamica Hussein Ibrahim e di Hagar Haggag, studentessa di scienze politiche. \u201cHo deciso di candidarmi perch\u00e9 mi sento un vero esempio di integrazione, lavoro qui da anni e ho cresciuto la mia famiglia rispettando le regole dello Stato e quando ho potuto ho con altri fatto solidariet\u00e0 e dato una mano a chi italiano lo \u00e8 da generazioni\u201d. afferma tramite i propri profili social Ibrahim, aggiungendo che \u201cchi sbaglia \u00e8 giusto paghi, ma chi opera bene va premiato\u201d. \u00a0<\/p>\n<p>Ma non mancano le polemiche e le prese di distanza, prime tra tutte quella di Andrea Monti, coordinatore lombardo degli amministratori locali leghisti, che ha parlato di una scelta \u201cprettamente locale\u201d. La posizione della Lega sul tema dell\u2019islam politico \u00e8 chiara e la scelta, sottolinea l\u2019esponente del Carroccio, \u201crimane in antitesi rispetto ai nostri valori e alla linea del nostro movimento\u201d. Sulla questione \u00e8 intervenuto anche il presidente di Regione Lombardia, Attilio Fontana, che ha ribadito come queste siano questioni che attengono il segretario del partito, Matteo Salvini.\u00a0<\/p>\n<p>&#8212;<\/p>\n<p>politica<\/p>\n<p>webinfo@adnkronos.com (Web Info)<\/p>\n<div style=\"display:flex; gap:10px;justify-content:center\" class=\"wps-pgfw-pdf-generate-icon__wrapper-frontend\">\n\t\t<a  href=\"https:\/\/ciaoup.it?action=genpdf&amp;id=74295\" class=\"pgfw-single-pdf-download-button\" ><img src=\"https:\/\/ciaoup.it\/wp-content\/plugins\/pdf-generator-for-wp\/admin\/src\/images\/PDF_Tray.svg\" title=\"Generate PDF\" style=\"width:auto; height:45px;\"><\/a>\n\t\t<\/div>","protected":false},"excerpt":{"rendered":"<p>(Adnkronos) &#8211; Bufera sulla sezione vigevanese della Lega. A far discutere \u00e8 la candidatura nella&hellip;<\/p>\n","protected":false},"author":3,"featured_media":74296,"comment_status":"open","ping_status":"closed","sticky":false,"template":"","format":"standard","meta":{"footnotes":""},"categories":[12],"tags":[3],"class_list":["post-74295","post","type-post","status-publish","format-standard","has-post-thumbnail","hentry","category-comunicati","tag-ultimora"],"_links":{"self":[{"href":"https:\/\/ciaoup.it\/index.php?rest_route=\/wp\/v2\/posts\/74295","targetHints":{"allow":["GET"]}}],"collection":[{"href":"https:\/\/ciaoup.it\/index.php?rest_route=\/wp\/v2\/posts"}],"about":[{"href":"https:\/\/ciaoup.it\/index.php?rest_route=\/wp\/v2\/types\/post"}],"author":[{"embeddable":true,"href":"https:\/\/ciaoup.it\/index.php?rest_route=\/wp\/v2\/users\/3"}],"replies":[{"embeddable":true,"href":"https:\/\/ciaoup.it\/index.php?rest_route=%2Fwp%2Fv2%2Fcomments&post=74295"}],"version-history":[{"count":1,"href":"https:\/\/ciaoup.it\/index.php?rest_route=\/wp\/v2\/posts\/74295\/revisions"}],"predecessor-version":[{"id":74324,"href":"https:\/\/ciaoup.it\/index.php?rest_route=\/wp\/v2\/posts\/74295\/revisions\/74324"}],"wp:featuredmedia":[{"embeddable":true,"href":"https:\/\/ciaoup.it\/index.php?rest_route=\/wp\/v2\/media\/74296"}],"wp:attachment":[{"href":"https:\/\/ciaoup.it\/index.php?rest_route=%2Fwp%2Fv2%2Fmedia&parent=74295"}],"wp:term":[{"taxonomy":"category","embeddable":true,"href":"https:\/\/ciaoup.it\/index.php?rest_route=%2Fwp%2Fv2%2Fcategories&post=74295"},{"taxonomy":"post_tag","embeddable":true,"href":"https:\/\/ciaoup.it\/index.php?rest_route=%2Fwp%2Fv2%2Ftags&post=74295"}],"curies":[{"name":"wp","href":"https:\/\/api.w.org\/{rel}","templated":true}]}}