{"id":74287,"date":"2026-04-30T16:53:00","date_gmt":"2026-04-30T16:53:00","guid":{"rendered":"https:\/\/ciaoup.it\/?p=74287"},"modified":"2026-04-30T16:53:00","modified_gmt":"2026-04-30T16:53:00","slug":"fumo-ivan-basso-da-sportivo-ed-ex-paziente-oncologico-dico-si-a-sigarette-piu-care","status":"publish","type":"post","link":"https:\/\/ciaoup.it\/?p=74287","title":{"rendered":"Fumo, Ivan Basso: &#8220;Da sportivo ed ex paziente oncologico dico s\u00ec a sigarette pi\u00f9 care&#8221;"},"content":{"rendered":"<p> (Adnkronos) &#8211; &#8220;Da sportivo e da ex paziente oncologico non posso che aiutare un\u2019iniziativa che reputo davvero importante e cha va nell\u2019interesse di tutti. Il fumo \u00e8 un comportamento estremamente pericoloso e smettere per sempre significa prevenire molte gravi malattie. Un ciclista poi sa davvero quanto sia importante respirare bene e tutelare il nostro apparato respiratorio. Infatti a come e quanto respiriamo \u00e8 strettamente legata la performance sportiva sulle due ruote&#8221;. A dirlo \u00e8 Ivan Basso, il due volte vincitore del Giro d\u2019Italia e ora dirigente sportivo, che sostiene la campagna 5 euro contro il fumo promossa dall\u2019Associazione italiana di oncologia medica (Aiom), Fondazione Airc, Fondazione Veronesi e Fondazione Aiom per chiedere un incremento delle accise su tutti i prodotti da fumo e da inalazione di nicotina. L&#8217;iniziativa &#8216;5eurocontroilfumo.it&#8217; \u00e8 stata lanciata lo scorso gennaio e ha gi\u00e0 raccolto oltre 38mila firme. L\u2019obiettivo \u00e8 raggiungere entro l&#8217;estate le 50mila firme da consegnare al Parlamento. \u00a0<\/p>\n<p>&#8220;Siamo alla vigilia della partenza del Giro d\u2019Italia &#8211; spiega Basso &#8211; una grande manifestazione che coinvolge milioni di persone nel nostro Paese. Siamo spesso presi ad esempio soprattutto dai pi\u00f9 giovani e quindi abbiamo grandi responsabilit\u00e0. Interagiamo direttamente e indirettamente con molte persone e possiamo influenzarle in positivo. La salute \u00e8 un tema davvero fondamentale e il fumo rappresenta un fattore di rischio che va eliminato. Aumentare il prezzo delle sigarette \u00e8 un ottimo disincentivo soprattutto per gli adolescenti e i giovani adulti. E\u2019 quanto gi\u00e0 successo in altri Paesi europei dove l\u2019incremento del costo delle sigarette ha portato ad un calo dei consumi. E\u2019 stato doveroso associarmi a questa campagna nazionale. Invito tutti i cittadini a firmare per la legge d\u2019iniziativa popolare che vuole incrementare di 5 euro le accise su tutti i prodotti da fumo e da inalazione di nicotina&#8221;. &#8220;I numeri parlano chiaro &#8211; sottolinea l&#8217;ex campione che oltre alle salite e ai tornanti ha dovuto affrontare nel 2015 anche un tumore ai testicoli &#8211; la nostra disciplina sportiva sta crescendo tra le donne sia a livello di atlete dilettanti che professioniste. Tra poco raggiungeremo la parit\u00e0 di genere. Inoltre, alle gare ciclistiche trovi sempre pi\u00f9 tifose. E\u2019 quindi importante lanciare messaggi di prevenzione rivolti anche a loro. Come \u00e8 noto, una volta erano quasi esclusivamente gli uomini a fumare mentre negli ultimi anni il vizio sta purtroppo crescendo anche fra le donne&#8221;. \u00a0<\/p>\n<p>Poi ricorda quando ha dovuto abbondanare le gare a causa della malattia. &#8220;E\u2019 stata un&#8217;esperienza complessa &#8211; racconta &#8211; ma alla fine sono riuscito a superare la malattia. Da li in poi ho sempre avuto grande fiducia in tutto ci\u00f2 che dicono gli oncologi medici e anche per questo ho deciso di sostenere la loro iniziativa. Tra l\u2019altro so che l\u2019attivit\u00e0 fisica e lo sport vengono spesso inseriti all\u2019interno dei percorsi terapeutici dei pazienti colpiti da tumore. E\u2019 un ulteriore dimostrazione di come sia forte il legame tra salute, prevenzione e sport. E poi Massimo di Maio, presidente di Aiom, \u00e8 anche un grande appassionato di ciclismo. Conosco molto bene il professore, \u00e8 un praticante e rappresenta un esempio virtuoso di medico che segue stili di vita corretti&#8221;. \u00a0<\/p>\n<p>\u00a0<\/p>\n<p>Basso qualche settimana fa ha pubblicato il libro &#8216;Accendi la mente &#8211; 21 strategie per allenare i pensieri e vincere meglio&#8217;. &#8220;L&#8217;ho scritto insieme a Michele Grotto, un esperto di scienze comportamentali. Abbiamo unito le nostre diverse conoscenze ed esperienze &#8211; sottolinea &#8211; per dimostrare come la mentalit\u00e0 vincente non sia un dono per pochi eletti. E\u2019 una vera e propria competenza che va allenata, nutrita e soprattutto resa stabile. In 288 pagine vogliamo aiutare il lettore e farli comprendere meglio i propri meccanismi mentali, le proprie scelte e i propri comportamenti&#8221;. Infine, un appello ai giovani sportivi: &#8220;Come prima cosa consiglio loro di seguire sempre stili di vita sani, e soprattutto non fumate mai. La salute e il benessere sono importanti per tutti ma lo sono ancora di pi\u00f9 per chi vuole vincere nel mondo dello sport. Poi non bisogna mai abbattersi davanti ad una sconfitta, perch\u00e9 anche le sfide pi\u00f9 difficili possono essere vinte&#8221; conclude.\u00a0<\/p>\n<p>&#8212;<\/p>\n<p>cronaca<\/p>\n<p>webinfo@adnkronos.com (Web Info)<\/p>\n<div style=\"display:flex; gap:10px;justify-content:center\" class=\"wps-pgfw-pdf-generate-icon__wrapper-frontend\">\n\t\t<a  href=\"https:\/\/ciaoup.it?action=genpdf&amp;id=74287\" class=\"pgfw-single-pdf-download-button\" ><img src=\"https:\/\/ciaoup.it\/wp-content\/plugins\/pdf-generator-for-wp\/admin\/src\/images\/PDF_Tray.svg\" title=\"Generate PDF\" style=\"width:auto; height:45px;\"><\/a>\n\t\t<\/div>","protected":false},"excerpt":{"rendered":"<p>(Adnkronos) &#8211; &#8220;Da sportivo e da ex paziente oncologico non posso che aiutare un\u2019iniziativa che&hellip;<\/p>\n","protected":false},"author":3,"featured_media":74288,"comment_status":"open","ping_status":"closed","sticky":false,"template":"","format":"standard","meta":{"footnotes":""},"categories":[12],"tags":[3],"class_list":["post-74287","post","type-post","status-publish","format-standard","has-post-thumbnail","hentry","category-comunicati","tag-ultimora"],"_links":{"self":[{"href":"https:\/\/ciaoup.it\/index.php?rest_route=\/wp\/v2\/posts\/74287","targetHints":{"allow":["GET"]}}],"collection":[{"href":"https:\/\/ciaoup.it\/index.php?rest_route=\/wp\/v2\/posts"}],"about":[{"href":"https:\/\/ciaoup.it\/index.php?rest_route=\/wp\/v2\/types\/post"}],"author":[{"embeddable":true,"href":"https:\/\/ciaoup.it\/index.php?rest_route=\/wp\/v2\/users\/3"}],"replies":[{"embeddable":true,"href":"https:\/\/ciaoup.it\/index.php?rest_route=%2Fwp%2Fv2%2Fcomments&post=74287"}],"version-history":[{"count":1,"href":"https:\/\/ciaoup.it\/index.php?rest_route=\/wp\/v2\/posts\/74287\/revisions"}],"predecessor-version":[{"id":74333,"href":"https:\/\/ciaoup.it\/index.php?rest_route=\/wp\/v2\/posts\/74287\/revisions\/74333"}],"wp:featuredmedia":[{"embeddable":true,"href":"https:\/\/ciaoup.it\/index.php?rest_route=\/wp\/v2\/media\/74288"}],"wp:attachment":[{"href":"https:\/\/ciaoup.it\/index.php?rest_route=%2Fwp%2Fv2%2Fmedia&parent=74287"}],"wp:term":[{"taxonomy":"category","embeddable":true,"href":"https:\/\/ciaoup.it\/index.php?rest_route=%2Fwp%2Fv2%2Fcategories&post=74287"},{"taxonomy":"post_tag","embeddable":true,"href":"https:\/\/ciaoup.it\/index.php?rest_route=%2Fwp%2Fv2%2Ftags&post=74287"}],"curies":[{"name":"wp","href":"https:\/\/api.w.org\/{rel}","templated":true}]}}