{"id":74273,"date":"2026-04-30T16:16:00","date_gmt":"2026-04-30T16:16:00","guid":{"rendered":"https:\/\/ciaoup.it\/?p=74273"},"modified":"2026-04-30T16:16:00","modified_gmt":"2026-04-30T16:16:00","slug":"universita-lum-incontro-su-giovani-e-impresa-al-sud","status":"publish","type":"post","link":"https:\/\/ciaoup.it\/?p=74273","title":{"rendered":"Universit\u00e0 Lum, incontro su giovani e impresa al Sud"},"content":{"rendered":"<p> (Adnkronos) &#8211; Si terr\u00e0 luned\u00ec 4 maggio 2026, dalle 14.30, presso l\u2019Aula Aldo Rossi del Campus LUM, l\u2019incontro &#8216;Giovani e impresa al Sud: visioni, strumenti, prospettive&#8217;, promosso dall\u2019Ateneo in collaborazione con istituzioni e attori del sistema produttivo territoriale. L\u2019evento si aprir\u00e0 con i saluti istituzionali della professoressa Candida Bussoli, della professoressa Giustina Secundo, di Ruggiero Pierno e di Christian Tomasicchio, rappresentanti del mondo accademico e professionale impegnati sui temi dell\u2019innovazione e dello sviluppo. A seguire, spazio agli strumenti nazionali e regionali per la creazione d\u2019impresa, con la presentazione del Bando Resto Sud 2.0 a cura di Lorenzo Dattis (Rete Hub Brindisi Invitalia) e del bando Tecno Nidi illustrato da Alfredo Lobello (Puglia Sviluppo), focalizzati sul sostegno alle start-up e all\u2019imprenditorialit\u00e0 giovanile.\u00a0<\/p>\n<p>Il cuore dell\u2019iniziativa sar\u00e0 la tavola rotonda &#8216;Impresa al Sud: sfide e opportunit\u00e0!&#8217;, moderata da Pasquale Del Vecchio, che vedr\u00e0 il confronto tra esponenti del mondo accademico, istituzionale e imprenditoriale, tra cui Anna Maria Annicchiarico, Domenico Colucci, Manlio Guadagnuolo, Stefano Marastoni, Vito Cinquepalmi, Monica Barile e Francesco Paolo Vania.\u00a0<\/p>\n<p>L\u2019incontro si concluder\u00e0 con una sessione finale di sintesi, offrendo ai partecipanti una panoramica concreta sulle opportunit\u00e0 di sviluppo e innovazione per i giovani nel Mezzogiorno. L\u2019iniziativa rappresenta un\u2019importante occasione di dialogo tra universit\u00e0, imprese e istituzioni, con l\u2019obiettivo di rafforzare l\u2019ecosistema dell\u2019innovazione e sostenere la crescita imprenditoriale nel Sud Italia.\u00a0<\/p>\n<p>&#8212;<\/p>\n<p>economia<\/p>\n<p>webinfo@adnkronos.com (Web Info)<\/p>\n<div style=\"display:flex; gap:10px;justify-content:center\" class=\"wps-pgfw-pdf-generate-icon__wrapper-frontend\">\n\t\t<a  href=\"https:\/\/ciaoup.it?action=genpdf&amp;id=74273\" class=\"pgfw-single-pdf-download-button\" ><img src=\"https:\/\/ciaoup.it\/wp-content\/plugins\/pdf-generator-for-wp\/admin\/src\/images\/PDF_Tray.svg\" title=\"Generate PDF\" style=\"width:auto; height:45px;\"><\/a>\n\t\t<\/div>","protected":false},"excerpt":{"rendered":"<p>(Adnkronos) &#8211; Si terr\u00e0 luned\u00ec 4 maggio 2026, dalle 14.30, presso l\u2019Aula Aldo Rossi del&hellip;<\/p>\n","protected":false},"author":3,"featured_media":74274,"comment_status":"open","ping_status":"closed","sticky":false,"template":"","format":"standard","meta":{"footnotes":""},"categories":[12],"tags":[3],"class_list":["post-74273","post","type-post","status-publish","format-standard","has-post-thumbnail","hentry","category-comunicati","tag-ultimora"],"_links":{"self":[{"href":"https:\/\/ciaoup.it\/index.php?rest_route=\/wp\/v2\/posts\/74273","targetHints":{"allow":["GET"]}}],"collection":[{"href":"https:\/\/ciaoup.it\/index.php?rest_route=\/wp\/v2\/posts"}],"about":[{"href":"https:\/\/ciaoup.it\/index.php?rest_route=\/wp\/v2\/types\/post"}],"author":[{"embeddable":true,"href":"https:\/\/ciaoup.it\/index.php?rest_route=\/wp\/v2\/users\/3"}],"replies":[{"embeddable":true,"href":"https:\/\/ciaoup.it\/index.php?rest_route=%2Fwp%2Fv2%2Fcomments&post=74273"}],"version-history":[{"count":1,"href":"https:\/\/ciaoup.it\/index.php?rest_route=\/wp\/v2\/posts\/74273\/revisions"}],"predecessor-version":[{"id":74323,"href":"https:\/\/ciaoup.it\/index.php?rest_route=\/wp\/v2\/posts\/74273\/revisions\/74323"}],"wp:featuredmedia":[{"embeddable":true,"href":"https:\/\/ciaoup.it\/index.php?rest_route=\/wp\/v2\/media\/74274"}],"wp:attachment":[{"href":"https:\/\/ciaoup.it\/index.php?rest_route=%2Fwp%2Fv2%2Fmedia&parent=74273"}],"wp:term":[{"taxonomy":"category","embeddable":true,"href":"https:\/\/ciaoup.it\/index.php?rest_route=%2Fwp%2Fv2%2Fcategories&post=74273"},{"taxonomy":"post_tag","embeddable":true,"href":"https:\/\/ciaoup.it\/index.php?rest_route=%2Fwp%2Fv2%2Ftags&post=74273"}],"curies":[{"name":"wp","href":"https:\/\/api.w.org\/{rel}","templated":true}]}}