{"id":74201,"date":"2026-04-30T13:07:33","date_gmt":"2026-04-30T13:07:33","guid":{"rendered":"https:\/\/ciaoup.it\/?p=74201"},"modified":"2026-04-30T13:07:33","modified_gmt":"2026-04-30T13:07:33","slug":"mattarella-morti-sul-lavoro-tributo-inaccettabile-colmare-il-gap-di-genere","status":"publish","type":"post","link":"https:\/\/ciaoup.it\/?p=74201","title":{"rendered":"Mattarella: &#8220;Morti sul lavoro tributo inaccettabile, colmare il gap di genere&#8221;"},"content":{"rendered":"<p> (Adnkronos) &#8211;<br \/>\nIl lavoro come pilastro della democrazia e leva di coesione sociale. \u00c8 il messaggio lanciato dal presidente della Repubblica Sergio Mattarella, intervenuto allo stabilimento Piaggio di Pontedera alla vigilia della Festa dei Lavoratori.\u00a0<\/p>\n<p>\u201cIl lavoro \u00e8 attore preminente nella realizzazione degli obiettivi di solidariet\u00e0 sociale assegnati dalla Costituzione\u201d, ha affermato il capo dello Stato, sottolineando come esso \u201cplasma il nostro essere e il nostro futuro\u201d e contribuisca a rendere ciascuno \u201cartefice e protagonista della societ\u00e0\u201d.\u00a0<\/p>\n<p>Mattarella ha ribadito che \u201cil lavoro \u00e8 presidio della societ\u00e0\u201d, oltre che \u201cespressione della libert\u00e0 della persona\u201d e \u201cstrumento di partecipazione\u201d. Da qui il richiamo a uno degli obiettivi fondamentali della Repubblica: \u201cUna piena e buona occupazione\u201d, che \u2013 ha detto \u2013 \u201c\u00e8 iscritta tra quelli della nostra democrazia\u201d.\u00a0<\/p>\n<p>Nel suo intervento, il presidente ha posto l\u2019accento anche sul valore della coesione sociale: \u201cUn Paese forte, in cui vige l\u2019eguaglianza dei cittadini, vive di coesione sociale\u201d. Un principio che, ha aggiunto, richiede che \u201cil lavoro e la tutela dei lavoratori siano effettive, contro ogni illegalit\u00e0 e ogni sfruttamento\u201d. Fondamentale, in questo contesto, il ruolo delle parti sociali: \u201cIl dialogo sociale non deve mai interrompersi\u201d.\u00a0<\/p>\n<p>Un passaggio centrale \u00e8 stato dedicato alla sicurezza: &#8220;Le cronache ci restituiscono, pressoch\u00e9 quotidianamente, notizie di lavoratrici e di lavoratori che perdono la vita o rimangono infortunati nello svolgimento delle loro attivit\u00e0. La sicurezza sul lavoro resta un impegno, un dovere, che non consente rinunce o distinguo. Tra luoghi di lavoro e in itinere sono oltre mille le vite spezzate ogni anno, ha ricordato il capo dello Stato, definendo quello degli infortuni sul lavoro \u201cun tributo inaccettabile\u201d e richiamando tutti \u2013 istituzioni, imprese e lavoratori \u2013 a un impegno pi\u00f9 incisivo.\u00a0<\/p>\n<p>\u00a0<\/p>\n<p>Nel suo intervento, il presidente ha posto l\u2019accento anche sulle criticit\u00e0 ancora aperte. Sul fronte dell\u2019occupazione femminile, ha osservato che, nonostante i progressi, \u201cresta consistente il gap da colmare rispetto alla media europea\u201d, con disuguaglianze che riguardano anche salari e percorsi di carriera.\u00a0<\/p>\n<p>\nPreoccupazione anche per i giovani: \u201cNella nostra societ\u00e0 sono poco ascoltati\u201d, ha detto Mattarella, evidenziando come sia ancora \u201ctroppo alta l\u2019et\u00e0 di ingresso nel mercato del lavoro\u201d e come molti siano costretti a cercare opportunit\u00e0 all\u2019estero. \u201cNell\u2019interesse del Paese questa tendenza va invertita\u201d, ha aggiunto.\u00a0<\/p>\n<p>Infine, il presidente ha richiamato anche il tema delle migrazioni: \u201c\u00c8 rilevante in tutta Europa\u201d, ha detto, sottolineando la necessit\u00e0 di affrontarlo \u201ccon razionalit\u00e0 e saggezza\u201d, anche alla luce del calo demografico e delle esigenze del mercato del lavoro.\u00a0<\/p>\n<p>Infine, il presidente ha collegato il tema del lavoro ai valori fondanti della Repubblica, ricordando che il Primo maggio \u00e8 \u201cuna festa della Repubblica, che sul lavoro si fonda\u201d, simbolo del percorso e dell\u2019identit\u00e0 del Paese.\u00a0<\/p>\n<p>Mattarella ha inoltre rivolto un messaggio ai sindacati, citando le confederazioni CGIL, CISL e UIL: \u201cL\u2019organizzazione sindacale, la sua libert\u00e0, e anche la sua capacit\u00e0 di trovare momenti di unit\u00e0, \u00e8 parte insostituibile della vita democratica\u201d. Un saluto speciale \u00e8 stato indirizzato anche ai giovani che si ritroveranno a Roma per il tradizionale concertone del Primo maggio.\u00a0<\/p>\n<p>In chiusura, l\u2019augurio per la ricorrenza: \u201cBuona festa del lavoro a chi lo cerca, a chi lo difende e a chi cerca di superare le barriere del lavoro povero o precario. Buon Primo maggio a tutti\u201d.\u00a0<\/p>\n<p>&#8212;<\/p>\n<p>politica<\/p>\n<p>webinfo@adnkronos.com (Web Info)<\/p>\n<div style=\"display:flex; gap:10px;justify-content:center\" class=\"wps-pgfw-pdf-generate-icon__wrapper-frontend\">\n\t\t<a  href=\"https:\/\/ciaoup.it?action=genpdf&amp;id=74201\" class=\"pgfw-single-pdf-download-button\" ><img src=\"https:\/\/ciaoup.it\/wp-content\/plugins\/pdf-generator-for-wp\/admin\/src\/images\/PDF_Tray.svg\" title=\"Generate PDF\" style=\"width:auto; height:45px;\"><\/a>\n\t\t<\/div>","protected":false},"excerpt":{"rendered":"<p>(Adnkronos) &#8211; Il lavoro come pilastro della democrazia e leva di coesione sociale. \u00c8 il&hellip;<\/p>\n","protected":false},"author":3,"featured_media":74202,"comment_status":"open","ping_status":"closed","sticky":false,"template":"","format":"standard","meta":{"footnotes":""},"categories":[12],"tags":[3],"class_list":["post-74201","post","type-post","status-publish","format-standard","has-post-thumbnail","hentry","category-comunicati","tag-ultimora"],"_links":{"self":[{"href":"https:\/\/ciaoup.it\/index.php?rest_route=\/wp\/v2\/posts\/74201","targetHints":{"allow":["GET"]}}],"collection":[{"href":"https:\/\/ciaoup.it\/index.php?rest_route=\/wp\/v2\/posts"}],"about":[{"href":"https:\/\/ciaoup.it\/index.php?rest_route=\/wp\/v2\/types\/post"}],"author":[{"embeddable":true,"href":"https:\/\/ciaoup.it\/index.php?rest_route=\/wp\/v2\/users\/3"}],"replies":[{"embeddable":true,"href":"https:\/\/ciaoup.it\/index.php?rest_route=%2Fwp%2Fv2%2Fcomments&post=74201"}],"version-history":[{"count":1,"href":"https:\/\/ciaoup.it\/index.php?rest_route=\/wp\/v2\/posts\/74201\/revisions"}],"predecessor-version":[{"id":74243,"href":"https:\/\/ciaoup.it\/index.php?rest_route=\/wp\/v2\/posts\/74201\/revisions\/74243"}],"wp:featuredmedia":[{"embeddable":true,"href":"https:\/\/ciaoup.it\/index.php?rest_route=\/wp\/v2\/media\/74202"}],"wp:attachment":[{"href":"https:\/\/ciaoup.it\/index.php?rest_route=%2Fwp%2Fv2%2Fmedia&parent=74201"}],"wp:term":[{"taxonomy":"category","embeddable":true,"href":"https:\/\/ciaoup.it\/index.php?rest_route=%2Fwp%2Fv2%2Fcategories&post=74201"},{"taxonomy":"post_tag","embeddable":true,"href":"https:\/\/ciaoup.it\/index.php?rest_route=%2Fwp%2Fv2%2Ftags&post=74201"}],"curies":[{"name":"wp","href":"https:\/\/api.w.org\/{rel}","templated":true}]}}