{"id":74114,"date":"2026-04-30T09:48:00","date_gmt":"2026-04-30T09:48:00","guid":{"rendered":"https:\/\/ciaoup.it\/?p=74114"},"modified":"2026-04-30T09:48:00","modified_gmt":"2026-04-30T09:48:00","slug":"chiara-poggi-ha-respinto-sempio-lui-lha-uccisa-sulle-scale-le-accuse-della-procura","status":"publish","type":"post","link":"https:\/\/ciaoup.it\/?p=74114","title":{"rendered":"&#8220;Chiara Poggi ha respinto Sempio, lui l&#8217;ha uccisa sulle scale&#8221;, le accuse della procura"},"content":{"rendered":"<p> (Adnkronos) &#8211;<br \/>\nUna lite, poi i colpi ripetuti, almeno 12, inflitti soprattutto alla testa e anche sulle scale. Cambia la scena dell&#8217;omicidio di Garlasco e cambia l&#8217;autore del delitto di Chiara Poggi, uccisa con un&#8217;arma che resta sconosciuta la mattina del 13 agosto del 2007. E&#8217; quanto sostiene la Procura di Pavia, che ha chiesto di interrogare il prossimo 6 maggio Andrea Sempio, unico indagato del delitto al posto del condannato in via definitiva Alberto Stasi. \u00a0<\/p>\n<p>Nell&#8217;atto, la Procura spiega che Sempio ha ucciso Chiara Poggi, &#8220;con l&#8217;aggravante di aver commesso il fatto per motivi abietti, riconducibili all&#8217;odio per la vittima a seguito del rifiuto del suo approccio sessuale&#8221;.\u00a0<\/p>\n<p>Nell&#8217;atto della Procura di Pavia, in possesso dell&#8217;Adnkronos, il movente viene esplicitato in modo chiaro e vedrebbe l&#8217;indagato Sempio repinto da Chiara Poggi, sorella dell&#8217;amico Marco. Si tratta di un punto inedito nell&#8217;indagine sul delitto che nel 2015 ha portato in carcere l&#8217;allora fidanzato Alberto Stasi, condannato in via definitiva a 16 anni di carcere. Per la Cassazione, &#8220;anche se il movente dell&#8217;omicidio di Garlasco \u00e8 rimasto sconosciuto&#8221;, \u00e8 la scena del crimine &#8220;ad individuarlo in quel rapporto di &#8216;intimit\u00e0 scatenante una emotivit\u00e0&#8217; che non pu\u00f2 che appartenere ad un soggetto emotivamente legato alla vittima&#8221;.\u00a0<\/p>\n<p>\u00a0<\/p>\n<p>&#8220;Dopo una iniziale colluttazione, colpiva reiteratamente la vittima con un corpo contundente (dapprima in regione frontale sinistra e in regione zigomatica destra), facendola cadere a terra&#8221;. Quindi, &#8220;la trascinava al fine di condurla verso la porta di accesso alla cantina&#8221; e, dopo che la ventiseienne &#8220;provava a reagire mettendosi carponi, la colpiva nuovamente con almeno 3-4 colpi&#8221; sempre alla testa &#8220;facendole perdere i sensi&#8221;. \u00a0<\/p>\n<p>A seguito di ci\u00f2, &#8220;spingeva il corpo della vittima facendolo scivolare lungo le scale che conducono in cantina ove, nonostante la stessa fosse gi\u00e0 incosciente, la colpiva con almeno 4-5 colpi&#8221; ancora alla nuca, &#8220;cagionando&#8221; a Chiara Poggi &#8220;lesioni cranio encefaliche dalle quali derivava il decesso&#8221;. Un delitto dettato dal fatto che la giovane avesse rifiutato le sue avance (aggravante dei futili motivi) e aggravato dalla crudelt\u00e0 &#8220;in considerazione dell&#8217;efferatezza dell&#8217;azione omicidiaria per il numero e l&#8217;entit\u00e0 delle ferite inferte allavittima, di cui almeno 12 lesioni sul cranio e sul volto&#8221;.\u00a0<\/p>\n<p>Nel nuovo impianto investigativo non vengono citati altri possibili complici n\u00e9 si fa riferimento ad Alberto Stasi, gi\u00e0 condannato in via definitiva a 16 anni per l\u2019omicidio. La Cassazione aveva infatti stabilito che il delitto fu commesso da una sola persona.\u00a0<\/p>\n<p>\nLa posizione di Sempio si basa su diversi elementi ancora al vaglio: una consulenza genetica che lo collegherebbe indirettamente a tracce trovate sulla vittima, un\u2019impronta attribuita all\u2019assassino nella scena del crimine e lo scontrino usato come presunto alibi, ritenuto dagli inquirenti non decisivo.\u00a0<\/p>\n<p>La nuova accusa segna un cambio di direzione rispetto alle prime fasi dell\u2019indagine riaperta nel 2025, quando si ipotizzava un concorso con ignoti o con lo stesso Stasi. \u00a0<\/p>\n<p>&#8212;<\/p>\n<p>cronaca<\/p>\n<p>webinfo@adnkronos.com (Web Info)<\/p>\n<div style=\"display:flex; gap:10px;justify-content:center\" class=\"wps-pgfw-pdf-generate-icon__wrapper-frontend\">\n\t\t<a  href=\"https:\/\/ciaoup.it?action=genpdf&amp;id=74114\" class=\"pgfw-single-pdf-download-button\" ><img src=\"https:\/\/ciaoup.it\/wp-content\/plugins\/pdf-generator-for-wp\/admin\/src\/images\/PDF_Tray.svg\" title=\"Generate PDF\" style=\"width:auto; height:45px;\"><\/a>\n\t\t<\/div>","protected":false},"excerpt":{"rendered":"<p>(Adnkronos) &#8211; Una lite, poi i colpi ripetuti, almeno 12, inflitti soprattutto alla testa e&hellip;<\/p>\n","protected":false},"author":3,"featured_media":74115,"comment_status":"open","ping_status":"closed","sticky":false,"template":"","format":"standard","meta":{"footnotes":""},"categories":[12],"tags":[3],"class_list":["post-74114","post","type-post","status-publish","format-standard","has-post-thumbnail","hentry","category-comunicati","tag-ultimora"],"_links":{"self":[{"href":"https:\/\/ciaoup.it\/index.php?rest_route=\/wp\/v2\/posts\/74114","targetHints":{"allow":["GET"]}}],"collection":[{"href":"https:\/\/ciaoup.it\/index.php?rest_route=\/wp\/v2\/posts"}],"about":[{"href":"https:\/\/ciaoup.it\/index.php?rest_route=\/wp\/v2\/types\/post"}],"author":[{"embeddable":true,"href":"https:\/\/ciaoup.it\/index.php?rest_route=\/wp\/v2\/users\/3"}],"replies":[{"embeddable":true,"href":"https:\/\/ciaoup.it\/index.php?rest_route=%2Fwp%2Fv2%2Fcomments&post=74114"}],"version-history":[{"count":1,"href":"https:\/\/ciaoup.it\/index.php?rest_route=\/wp\/v2\/posts\/74114\/revisions"}],"predecessor-version":[{"id":74150,"href":"https:\/\/ciaoup.it\/index.php?rest_route=\/wp\/v2\/posts\/74114\/revisions\/74150"}],"wp:featuredmedia":[{"embeddable":true,"href":"https:\/\/ciaoup.it\/index.php?rest_route=\/wp\/v2\/media\/74115"}],"wp:attachment":[{"href":"https:\/\/ciaoup.it\/index.php?rest_route=%2Fwp%2Fv2%2Fmedia&parent=74114"}],"wp:term":[{"taxonomy":"category","embeddable":true,"href":"https:\/\/ciaoup.it\/index.php?rest_route=%2Fwp%2Fv2%2Fcategories&post=74114"},{"taxonomy":"post_tag","embeddable":true,"href":"https:\/\/ciaoup.it\/index.php?rest_route=%2Fwp%2Fv2%2Ftags&post=74114"}],"curies":[{"name":"wp","href":"https:\/\/api.w.org\/{rel}","templated":true}]}}