{"id":74100,"date":"2026-04-30T09:55:00","date_gmt":"2026-04-30T09:55:00","guid":{"rendered":"https:\/\/ciaoup.it\/?p=74100"},"modified":"2026-04-30T09:55:00","modified_gmt":"2026-04-30T09:55:00","slug":"inzaghi-scioccato-da-inchiesta-arbitri-hanno-penalizzato-inter-con-la-champions-sarei-rimasto-in-nerazzurro","status":"publish","type":"post","link":"https:\/\/ciaoup.it\/?p=74100","title":{"rendered":"Inzaghi: &#8220;Scioccato da inchiesta, arbitri hanno penalizzato Inter. Con la Champions sarei rimasto in nerazzurro&#8221;"},"content":{"rendered":"<p> (Adnkronos) &#8211;<br \/>\nSimone Inzaghi torna a parlare. L&#8217;ex tecnico dell&#8217;Inter, oggi allenatore dell&#8217;Al Hilal in Arabia Saudita, ricorda &#8211; in un&#8217;intervista alla Gazzetta dello Sport &#8211; i successi e le delusioni in nerazzurro, toccando anche temi d&#8217;attualit\u00e0 come l&#8217;inchiesta arbitri: &#8220;Mi ha scioccato. L\u2019Inter ha perso parecchi punti nella scorsa stagione a causa degli errori arbitrali. Il campionato, la Supercoppa. \u00c8 sorprendente essere tirati dentro a una storia nella quale siamo stati penalizzati e non favoriti&#8221;.\u00a0<\/p>\n<p>L&#8217;ex tecnico nerazzurro ha parlato cos\u00ec dei due scudetti &#8216;mancati&#8217;, nel 2022 (vittoria del Milan di Stefano Pioli) e nel 2025 (trionfo del Napoli di Antonio Conte): &#8220;Non si possono avere rimpianti nello sport, tanto pi\u00f9 se arrivi secondo dietro ad avversari che hanno fatto percorsi importanti. In quattro anni ho vinto tanto e sono contento dei risultati. Non so se si potesse fare qualcosa in pi\u00f9 per\u00f2 abbiamo raggiunto due finali di Champions League. Comunque accetto le critiche, purch\u00e9 riguardino me e non i calciatori. Mi hanno sempre dato tutto quello che avevano&#8221;. E ancora, sulla passata stagione, chiusa senza trofei: &#8220;Non cambierei niente. Noi avevamo un sogno, il triplete. Alla fine della stagione abbiamo pagato le 23 partite giocate in pi\u00f9 rispetto al Napoli. Ma io rifarei tutto, l\u2019Inter ha il dovere di competere a ogni livello. La finale di Monaco? Ci fa male ancora aver perso cos\u00ec, ma non possiamo dimenticare ci\u00f2 che era successo prima, in Europa&#8221;.\u00a0<\/p>\n<p>Inzaghi ha poi raccontato la sua verit\u00e0 sull&#8217;addio all&#8217;Inter, una decisione maturata dopo la sconfitta in finale di Champions: &#8220;Due giorni dopo Monaco ci siamo incontrati a casa di Marotta, alla presenza di Ausilio e Baccin. In quel contesto ho manifestato l\u2019esigenza di cambiare, perch\u00e9 sentivo che si era chiuso un ciclo. Loro avrebbero voluto continuare con me ma hanno capito la scelta: ci siamo lasciati da amici e lo siamo ancora. Ma se avessimo vinto la Champions sarei rimasto all\u2019Inter&#8221;. Al tecnico non manca l&#8217;Italia: &#8220;Da quando sono arrivato a Riad sono tornato solo quattro giorni a casa. Ho la mia famiglia, i miei genitori e i miei amici vengono spesso a trovarmi, non soffro di nostalgia&#8221;. Spazio anche per i complimenti a Cristian Chivu, a un passo dallo scudetto con i nerazzurri: &#8220;Conoscevo il gruppo e non avevo dubbi sulle capacit\u00e0 dei giocatori. Ma anche puntare su Cristian \u00e8 stata una scelta giusta e io lo sapevo, perch\u00e9 lo avevo visto lavorare. Ora \u00e8 giusto che l\u2019Inter festeggi e che poi provi a vincere la finale di Coppa Italia&#8221;.\u00a0<\/p>\n<p>&#8212;<\/p>\n<p>sport<\/p>\n<p>webinfo@adnkronos.com (Web Info)<\/p>\n<div style=\"display:flex; gap:10px;justify-content:center\" class=\"wps-pgfw-pdf-generate-icon__wrapper-frontend\">\n\t\t<a  href=\"https:\/\/ciaoup.it?action=genpdf&amp;id=74100\" class=\"pgfw-single-pdf-download-button\" ><img src=\"https:\/\/ciaoup.it\/wp-content\/plugins\/pdf-generator-for-wp\/admin\/src\/images\/PDF_Tray.svg\" title=\"Generate PDF\" style=\"width:auto; height:45px;\"><\/a>\n\t\t<\/div>","protected":false},"excerpt":{"rendered":"<p>(Adnkronos) &#8211; Simone Inzaghi torna a parlare. L&#8217;ex tecnico dell&#8217;Inter, oggi allenatore dell&#8217;Al Hilal in&hellip;<\/p>\n","protected":false},"author":3,"featured_media":74101,"comment_status":"open","ping_status":"closed","sticky":false,"template":"","format":"standard","meta":{"footnotes":""},"categories":[12],"tags":[3],"class_list":["post-74100","post","type-post","status-publish","format-standard","has-post-thumbnail","hentry","category-comunicati","tag-ultimora"],"_links":{"self":[{"href":"https:\/\/ciaoup.it\/index.php?rest_route=\/wp\/v2\/posts\/74100","targetHints":{"allow":["GET"]}}],"collection":[{"href":"https:\/\/ciaoup.it\/index.php?rest_route=\/wp\/v2\/posts"}],"about":[{"href":"https:\/\/ciaoup.it\/index.php?rest_route=\/wp\/v2\/types\/post"}],"author":[{"embeddable":true,"href":"https:\/\/ciaoup.it\/index.php?rest_route=\/wp\/v2\/users\/3"}],"replies":[{"embeddable":true,"href":"https:\/\/ciaoup.it\/index.php?rest_route=%2Fwp%2Fv2%2Fcomments&post=74100"}],"version-history":[{"count":1,"href":"https:\/\/ciaoup.it\/index.php?rest_route=\/wp\/v2\/posts\/74100\/revisions"}],"predecessor-version":[{"id":74151,"href":"https:\/\/ciaoup.it\/index.php?rest_route=\/wp\/v2\/posts\/74100\/revisions\/74151"}],"wp:featuredmedia":[{"embeddable":true,"href":"https:\/\/ciaoup.it\/index.php?rest_route=\/wp\/v2\/media\/74101"}],"wp:attachment":[{"href":"https:\/\/ciaoup.it\/index.php?rest_route=%2Fwp%2Fv2%2Fmedia&parent=74100"}],"wp:term":[{"taxonomy":"category","embeddable":true,"href":"https:\/\/ciaoup.it\/index.php?rest_route=%2Fwp%2Fv2%2Fcategories&post=74100"},{"taxonomy":"post_tag","embeddable":true,"href":"https:\/\/ciaoup.it\/index.php?rest_route=%2Fwp%2Fv2%2Ftags&post=74100"}],"curies":[{"name":"wp","href":"https:\/\/api.w.org\/{rel}","templated":true}]}}