{"id":74091,"date":"2026-04-30T09:17:03","date_gmt":"2026-04-30T09:17:03","guid":{"rendered":"https:\/\/ciaoup.it\/?p=74091"},"modified":"2026-04-30T09:17:03","modified_gmt":"2026-04-30T09:17:03","slug":"omicidio-di-catenanuova-svolta-nelle-indagini-arrestato-23enne","status":"publish","type":"post","link":"https:\/\/ciaoup.it\/?p=74091","title":{"rendered":"Omicidio di Catenanuova, svolta nelle indagini: arrestato 23enne"},"content":{"rendered":"<p> (Adnkronos) &#8211; Svolta nelle indagini per l&#8217;omicidio di Salvatore De Luca, il 57enne morto lo scorso 15 dicembre all&#8217;ospedale &#8216;Cannizzaro&#8217; di Catania a causa delle gravissime lesioni riportate durante un&#8217;aggressione avvenuta poche settimane prima a Catenanuova, nell&#8217;Ennese. I carabinieri della sezione Operativa della Compagnia di Enna hanno eseguito una misura cautelare in carcere nei confronti di un 23enne. Il pestaggio avvenne lo scorso 3 dicembre in piazza Riggio, la vittima, raggiunta da una scarica di pugni, fin\u00ec a terra, ma l&#8217;aggressore continu\u00f2 a colpire il 57enne alla testa con dei calci, fino a fargli perdere i sensi. Immediatamente soccorso, l&#8217;uomo fu trasportato in gravissime condizioni all&#8217;ospedale Cannizzaro di Catania, dove dopo alcuni giorni mor\u00ec.\u00a0<\/p>\n<p>Gli investigatori dell&#8217;Arma, coordinati dalla Procura di Enna, dopo diversi interrogatori e svariati accertamenti tecnici sono riusciti a risalire al 23enne, anch\u2019egli di Catenanuova. Alla base del pestaggio ci sarebbero state &#8220;complesse vicende familiari&#8221;. Il giovane \u00e8 stato rintracciato a Lecce, dove si era trasferito temporaneamente per ragioni di lavoro. Dopo le formalit\u00e0 di rito, \u00e8 stato condotto in carcere a disposizione dell&#8217;autorit\u00e0 giudiziaria.\u00a0<\/p>\n<p>&#8212;<\/p>\n<p>cronaca<\/p>\n<p>webinfo@adnkronos.com (Web Info)<\/p>\n<div style=\"display:flex; gap:10px;justify-content:center\" class=\"wps-pgfw-pdf-generate-icon__wrapper-frontend\">\n\t\t<a  href=\"https:\/\/ciaoup.it?action=genpdf&amp;id=74091\" class=\"pgfw-single-pdf-download-button\" ><img src=\"https:\/\/ciaoup.it\/wp-content\/plugins\/pdf-generator-for-wp\/admin\/src\/images\/PDF_Tray.svg\" title=\"Generate PDF\" style=\"width:auto; height:45px;\"><\/a>\n\t\t<\/div>","protected":false},"excerpt":{"rendered":"<p>(Adnkronos) &#8211; Svolta nelle indagini per l&#8217;omicidio di Salvatore De Luca, il 57enne morto lo&hellip;<\/p>\n","protected":false},"author":3,"featured_media":74092,"comment_status":"open","ping_status":"closed","sticky":false,"template":"","format":"standard","meta":{"footnotes":""},"categories":[12],"tags":[3],"class_list":["post-74091","post","type-post","status-publish","format-standard","has-post-thumbnail","hentry","category-comunicati","tag-ultimora"],"_links":{"self":[{"href":"https:\/\/ciaoup.it\/index.php?rest_route=\/wp\/v2\/posts\/74091","targetHints":{"allow":["GET"]}}],"collection":[{"href":"https:\/\/ciaoup.it\/index.php?rest_route=\/wp\/v2\/posts"}],"about":[{"href":"https:\/\/ciaoup.it\/index.php?rest_route=\/wp\/v2\/types\/post"}],"author":[{"embeddable":true,"href":"https:\/\/ciaoup.it\/index.php?rest_route=\/wp\/v2\/users\/3"}],"replies":[{"embeddable":true,"href":"https:\/\/ciaoup.it\/index.php?rest_route=%2Fwp%2Fv2%2Fcomments&post=74091"}],"version-history":[{"count":1,"href":"https:\/\/ciaoup.it\/index.php?rest_route=\/wp\/v2\/posts\/74091\/revisions"}],"predecessor-version":[{"id":74137,"href":"https:\/\/ciaoup.it\/index.php?rest_route=\/wp\/v2\/posts\/74091\/revisions\/74137"}],"wp:featuredmedia":[{"embeddable":true,"href":"https:\/\/ciaoup.it\/index.php?rest_route=\/wp\/v2\/media\/74092"}],"wp:attachment":[{"href":"https:\/\/ciaoup.it\/index.php?rest_route=%2Fwp%2Fv2%2Fmedia&parent=74091"}],"wp:term":[{"taxonomy":"category","embeddable":true,"href":"https:\/\/ciaoup.it\/index.php?rest_route=%2Fwp%2Fv2%2Fcategories&post=74091"},{"taxonomy":"post_tag","embeddable":true,"href":"https:\/\/ciaoup.it\/index.php?rest_route=%2Fwp%2Fv2%2Ftags&post=74091"}],"curies":[{"name":"wp","href":"https:\/\/api.w.org\/{rel}","templated":true}]}}