{"id":74059,"date":"2026-04-30T07:02:18","date_gmt":"2026-04-30T07:02:18","guid":{"rendered":"https:\/\/ciaoup.it\/?p=74059"},"modified":"2026-04-30T07:02:18","modified_gmt":"2026-04-30T07:02:18","slug":"inchiesta-arbitri-oggi-linterrogatorio-di-gervasoni-dalle-squadre-coinvolte-agli-indagati-gli-aggiornamenti","status":"publish","type":"post","link":"https:\/\/ciaoup.it\/?p=74059","title":{"rendered":"Inchiesta arbitri, oggi l&#8217;interrogatorio di Gervasoni: dalle squadre &#8216;coinvolte&#8217; agli indagati, gli aggiornamenti"},"content":{"rendered":"<p> (Adnkronos) &#8211; Il calcio italiano \u00e8 (di nuovo) nel caos per l&#8217;inchiesta arbitri. Il designatore di Serie A e B Gianluca Rocchi \u00e8 indagato dalla Procura di Milano per concorso in frode sportiva (per alcuni episodi della stagione 2024\/25) e gli \u00e8 stato notificato un avviso di garanzia. L&#8217;accusa? Aver fatto pressioni su alcuni arbitri e aver scelto direttori di gara &#8220;graditi all&#8217;Inter&#8221;. La novit\u00e0 di oggi, gioved\u00ec 30 aprile, riguarda gli interrogatori previsti in giornata a Milano. Ecco cosa sappiamo fin qui sull&#8217;inchiesta condotta dal pubblico ministero Maurizio Ascione, che pian piano si sta allargando a tutto il mondo arbitrale. \u00a0<\/p>\n<p>Oggi \u00e8 il giorno degli interrogatori. Gianluca Rocchi per\u00f2 non si presenter\u00e0 su consiglio del suo legale D&#8217;Avirro, che ritiene di non avere elementi sufficienti per costruire la difesa. &#8220;Non posso portare una persona all&#8217;interno di un interrogatorio &#8211; le sue dichiarazioni all&#8217;Adnkronos &#8211; senza sapere quali sono gli elementi d&#8217;accusa. Un domani, quando chiuderanno le indagini, avr\u00f2 a disposizione gli atti del processo, e a quel punto avr\u00f2 il quadro chiaro della situazione e quindi ce lo porter\u00f2. Oggi no&#8221;. Si presenter\u00e0 invece il supervisore Var Andrea Gervasoni, la sua audizione \u00e8 fissata alle 11.<br \/>\n\u00a0<\/p>\n<p>A che punto \u00e8 l&#8217;inchiesta? Rapido riassunto di cosa sta succedendo. Al centro delle indagini ci sono al momento soltanto esponenti del mondo arbitrale. Il primo a ricevere avviso di garanzia \u00e8 stato Rocchi,  seguito da Gervasoni (entrambi si sono autosospesi dai rispettivi incarichi). \u00a0<\/p>\n<p>A loro si sono aggiunti l&#8217;assistente Daniele Paterna, al centro della bufera per un rigore prima negato e poi concesso, secondo l&#8217;accusa dopo pressione diretta di Rocchi, in Udinese-Parma, e altri due assistenti alla sala Var, ovvero Rodolfo Di Vuolo e Luigi Nasca. Il sospetto, in ogni caso, \u00e8 che altri assistenti Var siano indagati, ma al momento resta un mistero l&#8217;identit\u00e0, cos\u00ec come resta il giallo sulle persone &#8220;in concorso&#8221; che avrebbero, secondo i capi d&#8217;imputazione, contribuito ad alcune designazioni arbitrali &#8216;pilotate&#8217; di fischietti che sarebbero stati graditi all&#8217;Inter.\u00a0<\/p>\n<p>Per l&#8217;accusa Rocchi avrebbe combinato &#8211; con altri soggetti al momento non precisati &#8211; la designazione dell\u2019arbitro Andrea Colombo  per la partita Bologna-Inter dell\u2019aprile 2025, vinta dai rossobl\u00f9 1-0. Altrettanto avrebbe fatto con la designazione del direttore di gara Daniele Doveri per la semifinale di Coppa Italia tra Milan e Inter, in modo da evitare per l&#8217;eventuale finale e per le partite successive di campionato la designazione dello stesso arbitro.\u00a0<\/p>\n<p>Inoltre, in occasione della partita Udinese-Parma del primo marzo 2025 avrebbe violato il protocollo Var, che prevede l&#8217;autonomia delle sale di Lissone, bussando e inducendo la chiamata all\u2019On field review dell\u2019arbitro Fabio Maresca ai fini dell\u2019assegnazione del rigore all\u2019Udinese. Sotto la lente d&#8217;ingrandimento degli inquirenti ci sarebbero inoltre presunte pressioni sul Var in occasione di alcune partite, Inter-Verona della stagione 2023-24 (quella della gomitata di Bastoni a Duda, ndr) e Udinese-Parma dello stesso campionato. Tra le carte della Procura non ci sarebbero invece partite legate alla stagione in corso. Andrea Gervasoni \u00e8 indagato sempre per frode sportiva perch\u00e9 durante Salernitana-Modena (8 marzo 2025) avrebbe fatto pressione sull&#8217;addetto Var Luigi Nasca. Nasca compare anche in un altro episodio (insieme a Rodolfo Di Vuolo), cio\u00e8 in Inter-Verona del 6 gennaio 2024, partita caratterizzata dalla presunta gomitata del nerazzuro Bastoni a Duda e dal mancato fischio del direttore di gara. Paterna, invece, era Var in una delle partite che compaiono nell&#8217;avviso di garanzia mandato a Rocchi: Udinese-Parma.\u00a0<\/p>\n<p>\nQuale destino attende ora l&#8217;Aia? Nei prossimi giorni il Comitato Nazionale Aia si riunir\u00e0 per proporre la decadenza di Antonio Zappi dal ruolo di presidente e da ogni carica federale (come previsto in caso di superamento dei 12 mesi di inibizione). Il Consiglio della Figc dovr\u00e0 poi ratificarla e &#8211; senza Zappi &#8211; il Comitato Nazionale dell\u2019Associazione Italiana Arbitri dovr\u00e0 riunirsi  per indire elezioni entro 90 giorni.\u00a0<\/p>\n<p>Tempi stretti, visto che a inizio luglio ci saranno da formare le nuove commissioni e il nuovo presidente dell&#8217;Aia  si ritroverebbe i nuovi Organi tecnici definiti dalla governance precedente. Una situazione che, in questo contesto, potrebbe portare al commissariamento da parte della Figc. Al momento, alla guida dell&#8217;Aia c&#8217;\u00e8 il vicepresidente vicario Francesco Massini.\u00a0<\/p>\n<p>\nEugenio Abbattista, l\u2019unico direttore di gara che in quasi 115 anni di storia dell\u2019Aia si \u00e8 dimesso \u201cper valori non negoziabili\u201d, ha commentato all&#8217;Adnkronos la situazione: \u201cA chi pensa che questa inchiesta mi renda felice dico che mi risarcisce moralmente, ma sono sempre stato e sono mosso solo da senso di giustizia\u201d. (LEGGI L&#8217;INTERVISTA)\u00a0<\/p>\n<p>In questa situazione, qual \u00e8 la posizione dell&#8217;Inter? Il club nerazzurro e i suoi dirigenti non sono indagati. Inoltre, pochi giorni fa, sulla questione \u00e8 intervenuto anche il presidente Giuseppe Marotta: &#8220;Noi non abbiamo arbitri graditi o non graditi &#8211; le sue parole a Sky Sport, prima della partita di campionato contro il Torino &#8211; sappiamo di aver agito nella massima correttezza, questo \u00e8 il dato pi\u00f9 importante che deve tranquillizzare tutti&#8221;. Sotto i riflettori, c&#8217;\u00e8 anche un presunto incontro sugli arbitri graditi e sgraditi all&#8217;Inter. &#8220;Nella scorsa annata, non lo dico per lamentarmi, abbiamo oggettivamente avuto decisioni avverse anche acclarate, mi riferisco ad esempio al rigore di Inter-Roma. Sono tranquillo, siamo estranei e lo saremo in futuro. Se ci aspettiamo che qualcuno venga ascoltato? Sono stato molto chiaro, non ho nulla da aggiungere\u201d.\u00a0<\/p>\n<p>\u00a0<\/p>\n<p>&#8212;<\/p>\n<p>sport<\/p>\n<p>webinfo@adnkronos.com (Web Info)<\/p>\n<div style=\"display:flex; gap:10px;justify-content:center\" class=\"wps-pgfw-pdf-generate-icon__wrapper-frontend\">\n\t\t<a  href=\"https:\/\/ciaoup.it?action=genpdf&amp;id=74059\" class=\"pgfw-single-pdf-download-button\" ><img src=\"https:\/\/ciaoup.it\/wp-content\/plugins\/pdf-generator-for-wp\/admin\/src\/images\/PDF_Tray.svg\" title=\"Generate PDF\" style=\"width:auto; height:45px;\"><\/a>\n\t\t<\/div>","protected":false},"excerpt":{"rendered":"<p>(Adnkronos) &#8211; Il calcio italiano \u00e8 (di nuovo) nel caos per l&#8217;inchiesta arbitri. Il designatore&hellip;<\/p>\n","protected":false},"author":3,"featured_media":74060,"comment_status":"open","ping_status":"closed","sticky":false,"template":"","format":"standard","meta":{"footnotes":""},"categories":[12],"tags":[3],"class_list":["post-74059","post","type-post","status-publish","format-standard","has-post-thumbnail","hentry","category-comunicati","tag-ultimora"],"_links":{"self":[{"href":"https:\/\/ciaoup.it\/index.php?rest_route=\/wp\/v2\/posts\/74059","targetHints":{"allow":["GET"]}}],"collection":[{"href":"https:\/\/ciaoup.it\/index.php?rest_route=\/wp\/v2\/posts"}],"about":[{"href":"https:\/\/ciaoup.it\/index.php?rest_route=\/wp\/v2\/types\/post"}],"author":[{"embeddable":true,"href":"https:\/\/ciaoup.it\/index.php?rest_route=\/wp\/v2\/users\/3"}],"replies":[{"embeddable":true,"href":"https:\/\/ciaoup.it\/index.php?rest_route=%2Fwp%2Fv2%2Fcomments&post=74059"}],"version-history":[{"count":1,"href":"https:\/\/ciaoup.it\/index.php?rest_route=\/wp\/v2\/posts\/74059\/revisions"}],"predecessor-version":[{"id":74084,"href":"https:\/\/ciaoup.it\/index.php?rest_route=\/wp\/v2\/posts\/74059\/revisions\/74084"}],"wp:featuredmedia":[{"embeddable":true,"href":"https:\/\/ciaoup.it\/index.php?rest_route=\/wp\/v2\/media\/74060"}],"wp:attachment":[{"href":"https:\/\/ciaoup.it\/index.php?rest_route=%2Fwp%2Fv2%2Fmedia&parent=74059"}],"wp:term":[{"taxonomy":"category","embeddable":true,"href":"https:\/\/ciaoup.it\/index.php?rest_route=%2Fwp%2Fv2%2Fcategories&post=74059"},{"taxonomy":"post_tag","embeddable":true,"href":"https:\/\/ciaoup.it\/index.php?rest_route=%2Fwp%2Fv2%2Ftags&post=74059"}],"curies":[{"name":"wp","href":"https:\/\/api.w.org\/{rel}","templated":true}]}}