{"id":74019,"date":"2026-04-29T22:31:03","date_gmt":"2026-04-29T22:31:03","guid":{"rendered":"https:\/\/ciaoup.it\/?p=74019"},"modified":"2026-04-29T22:31:03","modified_gmt":"2026-04-29T22:31:03","slug":"milano-il-corteo-per-sergio-ramelli-finisce-con-i-saluti-romani","status":"publish","type":"post","link":"https:\/\/ciaoup.it\/?p=74019","title":{"rendered":"Milano, il corteo per Sergio Ramelli finisce con i saluti romani"},"content":{"rendered":"<p> (Adnkronos) &#8211; \u00c8 terminata con i saluti romani la commemorazione delle realt\u00e0 di estrema destra per Sergio Ramelli, il militante 18enne del Fronte della Giovent\u00f9 ucciso 51 anni fa da esponenti di Avanguardia operaia. Il corteo, che ha sfilato per le vie del quartiere milanese di Citt\u00e0 Studi, \u00e8 partito da piazzale Gorini ed \u00e8 terminato in via Paladini. L\u00ec, sotto quella che era la casa di Ramelli, \u00e8 stato fatto come di consueto tre volte il rito del \u2018presente\u2019 per il \u201ccamerata Sergio Ramelli\u201d. Al termine una persona dal balcone ha rivolto grida di insulti alle persone presenti, circa 2mila.\u00a0<\/p>\n<p>Al corteo hanno partecipato esponenti di Casapound, Lealt\u00e0 e Azione, Rete dei patrioti e altre realt\u00e0 di estrema destra. In testa lo striscione \u201cOnore ai camerati caduti\u201d. In piazza sventolate bandiere tricolori. I militanti, schierati in file da cinque, in via Amadeo hanno acceso delle fiaccole.\u00a0<\/p>\n<p>\u00a0<\/p>\n<p>&#8212;<\/p>\n<p>cronaca<\/p>\n<p>webinfo@adnkronos.com (Web Info)<\/p>\n<div style=\"display:flex; gap:10px;justify-content:center\" class=\"wps-pgfw-pdf-generate-icon__wrapper-frontend\">\n\t\t<a  href=\"https:\/\/ciaoup.it?action=genpdf&amp;id=74019\" class=\"pgfw-single-pdf-download-button\" ><img src=\"https:\/\/ciaoup.it\/wp-content\/plugins\/pdf-generator-for-wp\/admin\/src\/images\/PDF_Tray.svg\" title=\"Generate PDF\" style=\"width:auto; height:45px;\"><\/a>\n\t\t<\/div>","protected":false},"excerpt":{"rendered":"<p>(Adnkronos) &#8211; \u00c8 terminata con i saluti romani la commemorazione delle realt\u00e0 di estrema destra&hellip;<\/p>\n","protected":false},"author":3,"featured_media":74020,"comment_status":"open","ping_status":"closed","sticky":false,"template":"","format":"standard","meta":{"footnotes":""},"categories":[12],"tags":[3],"class_list":["post-74019","post","type-post","status-publish","format-standard","has-post-thumbnail","hentry","category-comunicati","tag-ultimora"],"_links":{"self":[{"href":"https:\/\/ciaoup.it\/index.php?rest_route=\/wp\/v2\/posts\/74019","targetHints":{"allow":["GET"]}}],"collection":[{"href":"https:\/\/ciaoup.it\/index.php?rest_route=\/wp\/v2\/posts"}],"about":[{"href":"https:\/\/ciaoup.it\/index.php?rest_route=\/wp\/v2\/types\/post"}],"author":[{"embeddable":true,"href":"https:\/\/ciaoup.it\/index.php?rest_route=\/wp\/v2\/users\/3"}],"replies":[{"embeddable":true,"href":"https:\/\/ciaoup.it\/index.php?rest_route=%2Fwp%2Fv2%2Fcomments&post=74019"}],"version-history":[{"count":1,"href":"https:\/\/ciaoup.it\/index.php?rest_route=\/wp\/v2\/posts\/74019\/revisions"}],"predecessor-version":[{"id":74037,"href":"https:\/\/ciaoup.it\/index.php?rest_route=\/wp\/v2\/posts\/74019\/revisions\/74037"}],"wp:featuredmedia":[{"embeddable":true,"href":"https:\/\/ciaoup.it\/index.php?rest_route=\/wp\/v2\/media\/74020"}],"wp:attachment":[{"href":"https:\/\/ciaoup.it\/index.php?rest_route=%2Fwp%2Fv2%2Fmedia&parent=74019"}],"wp:term":[{"taxonomy":"category","embeddable":true,"href":"https:\/\/ciaoup.it\/index.php?rest_route=%2Fwp%2Fv2%2Fcategories&post=74019"},{"taxonomy":"post_tag","embeddable":true,"href":"https:\/\/ciaoup.it\/index.php?rest_route=%2Fwp%2Fv2%2Ftags&post=74019"}],"curies":[{"name":"wp","href":"https:\/\/api.w.org\/{rel}","templated":true}]}}