{"id":73990,"date":"2026-04-29T19:39:00","date_gmt":"2026-04-29T19:39:00","guid":{"rendered":"https:\/\/ciaoup.it\/?p=73990"},"modified":"2026-04-29T19:39:00","modified_gmt":"2026-04-29T19:39:00","slug":"caso-garlasco-sempio-unico-indagato-per-omicidio-fissato-nuovo-interrogatorio","status":"publish","type":"post","link":"https:\/\/ciaoup.it\/?p=73990","title":{"rendered":"Caso Garlasco, Sempio unico indagato per omicidio: fissato nuovo interrogatorio"},"content":{"rendered":"<p> (Adnkronos) &#8211; Nessun ignoto. Per la Procura di Pavia l&#8217;unico indagato nella nuova inchiesta sull&#8217;omicidio di Chiara Poggi \u00e8 Andrea Sempio. \u00c8 lui, per chi indaga, l&#8217;unica persona presente nella villetta di via Pascoli a Garlasco il 13 agosto 2007. \u00c8 quanto emerge nella nuova richiesta di interrogatorio, fissato per il prossimo 6 maggio, che la Procura di Pavia ha notificato al 38enne. Su Alberto Stasi, l&#8217;ex fidanzato condannato in via definitiva a 16 anni di carcere come unico autore del delitto, la Procura di Pavia ha chiesto pochi giorni fa alla Procura generale di Milano di valutare l&#8217;ipotesi della revisione. Valutazione che richieder\u00e0 tempo.\u00a0<\/p>\n<p>\u00a0<\/p>\n<p>La Procura di Pavia ha fatto notificare, nel primo pomeriggio di oggi, ai carabinieri un avviso di interrogatorio per Andrea Sempio. &#8220;Stiamo valutando i passi pi\u00f9 opportuni per la nostra strategia difensiva tenendo conto che per la seconda volta, dall&#8217;inizio dell&#8217;inchiesta, viene convocato Sempio, ma senza che gli atti delle indagini siano stati depositati&#8221;, afferma in merito l&#8217;avvocata Angela Taccia, che insieme al collega Liborio Cataliotti difende Andrea Sempio. \u00a0<\/p>\n<p>Gi\u00e0 il 20 maggio del 2025 Sempio fu convocato dai pm titolari della nuova indagine sul delitto di Garlasco, ma per un cavillo procedurale nell&#8217;invito a comparire i suoi difensori preferirono non presentarsi. In quanto indagato, pu\u00f2 anche in questo caso decidere di non rispondere alle domande rimandando eventualmente l&#8217;interrogatorio a dopo la chiusura delle indagini.\u00a0<\/p>\n<p>&#8212;<\/p>\n<p>cronaca<\/p>\n<p>webinfo@adnkronos.com (Web Info)<\/p>\n<div style=\"display:flex; gap:10px;justify-content:center\" class=\"wps-pgfw-pdf-generate-icon__wrapper-frontend\">\n\t\t<a  href=\"https:\/\/ciaoup.it?action=genpdf&amp;id=73990\" class=\"pgfw-single-pdf-download-button\" ><img src=\"https:\/\/ciaoup.it\/wp-content\/plugins\/pdf-generator-for-wp\/admin\/src\/images\/PDF_Tray.svg\" title=\"Generate PDF\" style=\"width:auto; height:45px;\"><\/a>\n\t\t<\/div>","protected":false},"excerpt":{"rendered":"<p>(Adnkronos) &#8211; Nessun ignoto. Per la Procura di Pavia l&#8217;unico indagato nella nuova inchiesta sull&#8217;omicidio&hellip;<\/p>\n","protected":false},"author":3,"featured_media":73991,"comment_status":"open","ping_status":"closed","sticky":false,"template":"","format":"standard","meta":{"footnotes":""},"categories":[12],"tags":[3],"class_list":["post-73990","post","type-post","status-publish","format-standard","has-post-thumbnail","hentry","category-comunicati","tag-ultimora"],"_links":{"self":[{"href":"https:\/\/ciaoup.it\/index.php?rest_route=\/wp\/v2\/posts\/73990","targetHints":{"allow":["GET"]}}],"collection":[{"href":"https:\/\/ciaoup.it\/index.php?rest_route=\/wp\/v2\/posts"}],"about":[{"href":"https:\/\/ciaoup.it\/index.php?rest_route=\/wp\/v2\/types\/post"}],"author":[{"embeddable":true,"href":"https:\/\/ciaoup.it\/index.php?rest_route=\/wp\/v2\/users\/3"}],"replies":[{"embeddable":true,"href":"https:\/\/ciaoup.it\/index.php?rest_route=%2Fwp%2Fv2%2Fcomments&post=73990"}],"version-history":[{"count":1,"href":"https:\/\/ciaoup.it\/index.php?rest_route=\/wp\/v2\/posts\/73990\/revisions"}],"predecessor-version":[{"id":74012,"href":"https:\/\/ciaoup.it\/index.php?rest_route=\/wp\/v2\/posts\/73990\/revisions\/74012"}],"wp:featuredmedia":[{"embeddable":true,"href":"https:\/\/ciaoup.it\/index.php?rest_route=\/wp\/v2\/media\/73991"}],"wp:attachment":[{"href":"https:\/\/ciaoup.it\/index.php?rest_route=%2Fwp%2Fv2%2Fmedia&parent=73990"}],"wp:term":[{"taxonomy":"category","embeddable":true,"href":"https:\/\/ciaoup.it\/index.php?rest_route=%2Fwp%2Fv2%2Fcategories&post=73990"},{"taxonomy":"post_tag","embeddable":true,"href":"https:\/\/ciaoup.it\/index.php?rest_route=%2Fwp%2Fv2%2Ftags&post=73990"}],"curies":[{"name":"wp","href":"https:\/\/api.w.org\/{rel}","templated":true}]}}