{"id":73985,"date":"2026-04-29T19:04:00","date_gmt":"2026-04-29T19:04:00","guid":{"rendered":"https:\/\/ciaoup.it\/?p=73985"},"modified":"2026-04-29T19:04:00","modified_gmt":"2026-04-29T19:04:00","slug":"roma-capitale-primo-via-libera-a-riforma-costituzionale-pd-si-astiene-meloni-amarezza-e-stupore","status":"publish","type":"post","link":"https:\/\/ciaoup.it\/?p=73985","title":{"rendered":"Roma Capitale, primo via libera a riforma costituzionale. Pd si astiene, Meloni: &#8220;Amarezza e stupore&#8221;"},"content":{"rendered":"<p> (Adnkronos) &#8211; L&#8217;aula della Camera ha approvato oggi in prima lettura il ddl costituzionale sui poteri di Roma Capitale con 159 s\u00ec, 33 no e 55 astenuti. Il Pd si \u00e8 astenuto. &#8220;Un voto di astensione costruttiva che potr\u00e0 anche trasformarsi in un voto positivo &#8211; ha spiegato Roberto Morassut &#8211; Noi sentiamo l&#8217;esigenza di risolvere il problema della riforma di Roma Capitale, il sindaco Gualtieri ha proposto la strada migliore per concretizzarlo&#8221;.\u00a0<\/p>\n<p>Voto positivo, ovviamente, da tutta la maggioranza. Per quel che riguarda le altre opposizioni, no deciso di Avs: &#8220;Questa riforma crea un grande pasticcio e una profonda lacerazione del tessuto costituzionale&#8221;, ha detto Luana Zanella. E anche dal M5S: &#8220;Questa non \u00e8 la riforma che serve, occorre una legge ordinaria, questa riforma \u00e8 scritta male ed \u00e8 piena di contraddizioni&#8221;, ha scandito Alfonso Colucci. S\u00ec, invece, da Azione. &#8220;Un passo importante e necessario. Siamo contenti del voto positivo ai nostri Odg e voteremo positivamente&#8221;, ha annunciato in aula Valentino Grippo. Per Iv, come ha detto Roberto Giachetti, &#8220;grava il preoccupante punto interrogativo della contestuale legge ordinaria: senza la sostanza delle competenze e dei finanziamenti il provvedimento rischia di diventare una bellissima cornice priva di dipinto&#8221;.\u00a0<\/p>\n<p>La presidente del Consiglio, Giorgia Meloni, \u00e8 intervenuta con una dichiarazione diffusa da Palazzo Chigi. &#8220;\u00c8 stata approvata oggi, in prima lettura alla Camera, la riforma costituzionale per rafforzare il ruolo di Roma Capitale e per attribuire al Campidoglio i poteri legislativi necessari per occuparsi di materie che toccano da vicino la vita dei romani e l\u2019interesse dell\u2019Italia tutta, perch\u00e9 una Capitale che funziona aiuta la crescita dell\u2019intera Nazione &#8211; si legge &#8211; Con amarezza e stupore dobbiamo registrare la decisione del Partito Democratico di astenersi. \u00c8 una scelta che colpisce molto perch\u00e9, com\u2019\u00e8 noto, il testo del ddl costituzionale ha raccolto nel corso dell&#8217;esame parlamentare le proposte presentate dal sindaco di Roma, Roberto Gualtieri. Oggi, per\u00f2, il Partito Democratico decide di non rispettare gli impegni presi e di interrompere un processo costituente pienamente condiviso, e che aveva visto finora il pieno coinvolgimento del Campidoglio e della Regione Lazio e che aveva trovato maturazione in Parlamento&#8221;. \u00a0<\/p>\n<p>&#8220;\u00c8 impossibile accogliere l\u2019invito del Pd a fare riforme condivise, se poi \u00e8 lo stesso Pd a non votare una riforma condivisa e che rafforza il ruolo istituzionale della Capitale, a prescindere da chi la governa oggi e la governer\u00e0 domani &#8211; sottolinea Meloni &#8211; Oggi si interrompe un processo costituente, e i responsabili di questa scelta hanno nomi e cognomi. Il Pd e il sindaco Gualtieri dovranno rendere conto di questa scelta di fronte ai cittadini&#8221;.\u00a0<\/p>\n<p>Per il sindaco Gualtieri \u201cl\u2019approvazione da parte della Camera dei Deputati in prima lettura del disegno di legge di riforma costituzionale su Roma Capitale \u00e8 un fatto positivo che consente l\u2019avvio dell\u2019iter parlamentare per un provvedimento molto importante e atteso da tempo, necessario per dotare la Capitale di un ordinamento, di poteri e di risorse adeguati al suo ruolo. Sarebbe stato auspicabile un consenso pi\u00f9 ampio e da questo punto di vista il clima di tensione e scontro costante tra i partiti non \u00e8 stato di aiuto&#8221;. \u00a0<\/p>\n<p>&#8220;Ora \u00e8 importante che il processo di riforma prosegua, che si definiscano al pi\u00f9 presto in modo condiviso i contenuti della legge ordinaria e le risorse necessarie ad attuare il nuovo quadro normativo, e che tutti si impegnino per arrivare a un completamento della riforma entro la fine della legislatura sulla base di un\u2019ampia maggioranza parlamentare\u201d, conclude il sindaco di Roma.\u00a0<\/p>\n<p>Il testo ora passa al Senato. Il provvedimento modifica l\u2019articolo 114 della Costituzione inserendo Roma Capitale tra i livelli di governo di cui si compone la Repubblica e stabilendo le materie di competenza legislativa del nuovo ente. L\u2019elemento chiave della riforma \u00e8 l\u2019approvazione di una legge ad hoc per stabilire forme e principi del decentramento. Comunque, alla Capitale vengono attribuite autonomia amministrativa e finanziaria e ulteriori funzioni amministrative, stabilendo che il territorio dell\u2019ente Roma Capitale si trova all\u2019interno della citt\u00e0 metropolitana. In quest\u2019area, Roma Capitale avr\u00e0 una potest\u00e0 legislativa concorrente sul governo del territorio; valorizzazione dei beni culturali e ambientali; promozione e organizzazione di attivit\u00e0 culturali e potest\u00e0 residuale su trasporto pubblico locale; turismo; commercio; artigianato; servizi e politiche sociali; edilizia residenziale pubblica; polizia amministrativa locale; organizzazione amministrativa di Roma Capitale. La potest\u00e0 legislativa di Roma Capitale viene equiparata a quella delle Regioni. Con la nuova legge, di soli due articoli, la prima parte dell\u2019articolo 114 recita: \u201cLa Repubblica \u00e8 costituita dai Comuni, dalle Province, dalle Citt\u00e0 metropolitane, da Roma Capitale, dalle Regioni e dallo Stato\u201d.\u00a0<\/p>\n<p>&#8212;<\/p>\n<p>politica<\/p>\n<p>webinfo@adnkronos.com (Web Info)<\/p>\n<div style=\"display:flex; gap:10px;justify-content:center\" class=\"wps-pgfw-pdf-generate-icon__wrapper-frontend\">\n\t\t<a  href=\"https:\/\/ciaoup.it?action=genpdf&amp;id=73985\" class=\"pgfw-single-pdf-download-button\" ><img src=\"https:\/\/ciaoup.it\/wp-content\/plugins\/pdf-generator-for-wp\/admin\/src\/images\/PDF_Tray.svg\" title=\"Generate PDF\" style=\"width:auto; height:45px;\"><\/a>\n\t\t<\/div>","protected":false},"excerpt":{"rendered":"<p>(Adnkronos) &#8211; L&#8217;aula della Camera ha approvato oggi in prima lettura il ddl costituzionale sui&hellip;<\/p>\n","protected":false},"author":3,"featured_media":73986,"comment_status":"open","ping_status":"closed","sticky":false,"template":"","format":"standard","meta":{"footnotes":""},"categories":[12],"tags":[3],"class_list":["post-73985","post","type-post","status-publish","format-standard","has-post-thumbnail","hentry","category-comunicati","tag-ultimora"],"_links":{"self":[{"href":"https:\/\/ciaoup.it\/index.php?rest_route=\/wp\/v2\/posts\/73985","targetHints":{"allow":["GET"]}}],"collection":[{"href":"https:\/\/ciaoup.it\/index.php?rest_route=\/wp\/v2\/posts"}],"about":[{"href":"https:\/\/ciaoup.it\/index.php?rest_route=\/wp\/v2\/types\/post"}],"author":[{"embeddable":true,"href":"https:\/\/ciaoup.it\/index.php?rest_route=\/wp\/v2\/users\/3"}],"replies":[{"embeddable":true,"href":"https:\/\/ciaoup.it\/index.php?rest_route=%2Fwp%2Fv2%2Fcomments&post=73985"}],"version-history":[{"count":1,"href":"https:\/\/ciaoup.it\/index.php?rest_route=\/wp\/v2\/posts\/73985\/revisions"}],"predecessor-version":[{"id":74008,"href":"https:\/\/ciaoup.it\/index.php?rest_route=\/wp\/v2\/posts\/73985\/revisions\/74008"}],"wp:featuredmedia":[{"embeddable":true,"href":"https:\/\/ciaoup.it\/index.php?rest_route=\/wp\/v2\/media\/73986"}],"wp:attachment":[{"href":"https:\/\/ciaoup.it\/index.php?rest_route=%2Fwp%2Fv2%2Fmedia&parent=73985"}],"wp:term":[{"taxonomy":"category","embeddable":true,"href":"https:\/\/ciaoup.it\/index.php?rest_route=%2Fwp%2Fv2%2Fcategories&post=73985"},{"taxonomy":"post_tag","embeddable":true,"href":"https:\/\/ciaoup.it\/index.php?rest_route=%2Fwp%2Fv2%2Ftags&post=73985"}],"curies":[{"name":"wp","href":"https:\/\/api.w.org\/{rel}","templated":true}]}}