{"id":73935,"date":"2026-04-29T17:01:00","date_gmt":"2026-04-29T17:01:00","guid":{"rendered":"https:\/\/ciaoup.it\/?p=73935"},"modified":"2026-04-29T17:01:00","modified_gmt":"2026-04-29T17:01:00","slug":"1-maggio-franzolini-fenealuil-a-marghera-e-a-santeramo-per-rilancio-industria","status":"publish","type":"post","link":"https:\/\/ciaoup.it\/?p=73935","title":{"rendered":"1\u00b0 Maggio, Franzolini (FenealUil): &#8220;A Marghera e a Santeramo per rilancio industria&#8221;"},"content":{"rendered":"<p> (Adnkronos) &#8211; &#8220;Sar\u00e0 un 1\u00b0 maggio a Marghera, una localit\u00e0 simbolo del nostro Paese perch\u00e9 nel recente passato vi era una concentrazione industriale straordinaria: i grandi cantieri navali, le grandi aziende chimiche, il settore edile, il settore del legno. C&#8217;erano settori industriali fortissimi in quell&#8217;area, ora purtroppo penalizzati dal fatto che il comparto industriale in Italia ha affrontato grosse difficolt\u00e0 negli ultimi anni. \u00c8 quindi necessario riprendere un&#8217;iniziativa politica da parte del sindacato, da parte delle forze politiche, per dare slancio e forza al comparto industriale&#8221;. Cos\u00ec, con Adnkronos\/Labitalia, Mauro Franzolini, segretario generale della FenealUil, interviene sulla ricorrenza del 1\u00b0 maggio che quest&#8217;anno vedr\u00e0 i comizi dei segreteria generali di Cgil, Cisl e Uil a Marghera. \u00a0<\/p>\n<p>&#8220;Il mio invito ai lavoratori \u00e8 di partecipare all&#8217;iniziativa del 1\u00b0 maggio -sottolinea Franzolini- alla festa del lavoro. Un&#8217;iniziativa che non vuole essere una celebrazione fine a se stessa, ma anche e soprattutto un momento di discussione, di proposta e, se \u00e8 il caso, anche di protesta, come lo sar\u00e0 a Santeramo dove la FenealUil sar\u00e0 presente per portare avanti la vertenza delle lavoratrici e dei lavoratori Natuzzi, perch\u00e9 alla fine \u00e8 evidente che alcune crisi industriali che si stanno attanagliando nel Paese presentano il conto&#8221; sui lavoratori, sottolinea il leader del sindacato degli edili della Uil.\u00a0<\/p>\n<p>&#8220;Un 1\u00b0 maggio -ribadisce Franzolini- assolutamente all&#8217;insegna dei valori del lavoro e di quello che poi il sindacato rappresenta nel mondo del lavoro. La Costituzione repubblicana ha dato alle organizzazioni sindacali un peso di rappresentanza straordinario che nel caso di Cgil, Cisl e Uil \u00e8 andato anche al di l\u00e0 di quelli che sono stati gli esiti e le storie dei partiti politici. Evidentemente abbiamo saputo stare fra i lavoratori, e con i lavoratori, e credo che questo sia testimoniato dal numero di iscritti alle organizzazioni sindacali che continua a rimanere cos\u00ec alto nel nostro Paese, anche in un momento in cui i soggetti collettivi, diciamo, non sono pi\u00f9 cos\u00ec &#8216;alla moda&#8217;&#8221;, conclude. \u00a0<\/p>\n<p>&#8212;<\/p>\n<p>economia<\/p>\n<p>webinfo@adnkronos.com (Web Info)<\/p>\n<div style=\"display:flex; gap:10px;justify-content:center\" class=\"wps-pgfw-pdf-generate-icon__wrapper-frontend\">\n\t\t<a  href=\"https:\/\/ciaoup.it?action=genpdf&amp;id=73935\" class=\"pgfw-single-pdf-download-button\" ><img src=\"https:\/\/ciaoup.it\/wp-content\/plugins\/pdf-generator-for-wp\/admin\/src\/images\/PDF_Tray.svg\" title=\"Generate PDF\" style=\"width:auto; height:45px;\"><\/a>\n\t\t<\/div>","protected":false},"excerpt":{"rendered":"<p>(Adnkronos) &#8211; &#8220;Sar\u00e0 un 1\u00b0 maggio a Marghera, una localit\u00e0 simbolo del nostro Paese perch\u00e9&hellip;<\/p>\n","protected":false},"author":3,"featured_media":73936,"comment_status":"open","ping_status":"closed","sticky":false,"template":"","format":"standard","meta":{"footnotes":""},"categories":[12],"tags":[3],"class_list":["post-73935","post","type-post","status-publish","format-standard","has-post-thumbnail","hentry","category-comunicati","tag-ultimora"],"_links":{"self":[{"href":"https:\/\/ciaoup.it\/index.php?rest_route=\/wp\/v2\/posts\/73935","targetHints":{"allow":["GET"]}}],"collection":[{"href":"https:\/\/ciaoup.it\/index.php?rest_route=\/wp\/v2\/posts"}],"about":[{"href":"https:\/\/ciaoup.it\/index.php?rest_route=\/wp\/v2\/types\/post"}],"author":[{"embeddable":true,"href":"https:\/\/ciaoup.it\/index.php?rest_route=\/wp\/v2\/users\/3"}],"replies":[{"embeddable":true,"href":"https:\/\/ciaoup.it\/index.php?rest_route=%2Fwp%2Fv2%2Fcomments&post=73935"}],"version-history":[{"count":1,"href":"https:\/\/ciaoup.it\/index.php?rest_route=\/wp\/v2\/posts\/73935\/revisions"}],"predecessor-version":[{"id":73969,"href":"https:\/\/ciaoup.it\/index.php?rest_route=\/wp\/v2\/posts\/73935\/revisions\/73969"}],"wp:featuredmedia":[{"embeddable":true,"href":"https:\/\/ciaoup.it\/index.php?rest_route=\/wp\/v2\/media\/73936"}],"wp:attachment":[{"href":"https:\/\/ciaoup.it\/index.php?rest_route=%2Fwp%2Fv2%2Fmedia&parent=73935"}],"wp:term":[{"taxonomy":"category","embeddable":true,"href":"https:\/\/ciaoup.it\/index.php?rest_route=%2Fwp%2Fv2%2Fcategories&post=73935"},{"taxonomy":"post_tag","embeddable":true,"href":"https:\/\/ciaoup.it\/index.php?rest_route=%2Fwp%2Fv2%2Ftags&post=73935"}],"curies":[{"name":"wp","href":"https:\/\/api.w.org\/{rel}","templated":true}]}}