{"id":73929,"date":"2026-04-29T17:06:13","date_gmt":"2026-04-29T17:06:13","guid":{"rendered":"https:\/\/ciaoup.it\/?p=73929"},"modified":"2026-04-29T17:06:13","modified_gmt":"2026-04-29T17:06:13","slug":"malattia-di-fabry-vignoli-chiesi-grd-she-speaxx-per-piu-diagnosi-e-empowerment-donne","status":"publish","type":"post","link":"https:\/\/ciaoup.it\/?p=73929","title":{"rendered":"Malattia di Fabry, Vignoli (Chiesi GRD): &#8220;She SpeaXX per pi\u00f9 diagnosi e empowerment donne&#8221;"},"content":{"rendered":"<p> (Adnkronos) &#8211; La malattia di Fabry &#8220;\u00e8 ancora oggi poco conosciuta e spesso non riconosciuta. Questo vale in modo particolare per le donne, che possono presentare segni e sintomi diversi rispetto agli uomini. Proprio per questo \u00e8 fondamentale sviluppare strumenti pi\u00f9 adeguati per riconoscere e monitorare la patologia nella popolazione femminile&#8221;. Lo ha detto Alessandra Vignoli, Vice President Cluster Mediterranean di Chiesi Global Rare Diseases, nel suo intervento alla presentazione &#8211; oggi a Roma &#8211; della campagna &#8216;She SpeaXX&#8217;, promossa da Chiesi Global Rare Diseases con la partecipazione dell&#8217;Associazione italiana Anderson-Fabry (Aiaf). Obiettivo dell&#8217;iniziativa: colmare il gap di conoscenza e diagnosi di una patologia rara ancora troppo poco diagnosticata nella popolazione femminile. \u00a0<\/p>\n<p>Parlare di Fabry al femminile &#8220;significa anche tenere conto delle diverse fasi della vita di una donna, come la gravidanza, l\u2019allattamento e la menopausa, momenti in cui la gestione della malattia pu\u00f2 richiedere un\u2019attenzione specifica &#8211; ha evidenziato Vignoli -. L\u2019obiettivo \u00e8 quindi quello di dare maggiore visibilit\u00e0 a questa patologia rara e promuovere un approccio sempre pi\u00f9 personalizzato, in linea con il nostro impegno nel supportare i pazienti lungo tutto il loro percorso di vita. Questa campagna di sensibilizzazione \u00e8 volutamente promossa tra il mese di aprile, dedicato alla malattia di Fabry, e maggio, tradizionalmente legato alla figura femminile e alla maternit\u00e0. Siamo molto lieti di sostenere questa iniziativa dedicata alla medicina di genere e, in particolare, alla salute delle donne&#8221;. \u00a0<\/p>\n<p>Per quanto riguarda la campagna \u2018She SpeaXX\u2019, gli &#8220;obiettivi nel breve periodo sono principalmente due &#8211; le parole di Vignoli -. Da un lato, aumentare la conoscenza della malattia, aiutando a riconoscerne i sintomi e a ridurre il numero di pazienti non diagnosticati. Dall\u2019altro, favorire l\u2019empowerment delle donne, che spesso vedono i propri sintomi sottovalutati o poco riconosciuti. Ci aspettiamo quindi, in una prima fase, una maggiore consapevolezza sulla malattia di Fabry e sulle sue specificit\u00e0 nella popolazione femminile&#8221;. Successivamente, l\u2019obiettivo &#8220;\u00e8 aiutare le pazienti a diventare sempre pi\u00f9 protagoniste nella gestione della propria salute, attraverso un monitoraggio pi\u00f9 attento, personalizzato e focalizzato sulle loro esigenze specifiche&#8221; ha poi concluso. \u00a0<\/p>\n<p>&#8212;<\/p>\n<p>cronaca<\/p>\n<p>webinfo@adnkronos.com (Web Info)<\/p>\n<div style=\"display:flex; gap:10px;justify-content:center\" class=\"wps-pgfw-pdf-generate-icon__wrapper-frontend\">\n\t\t<a  href=\"https:\/\/ciaoup.it?action=genpdf&amp;id=73929\" class=\"pgfw-single-pdf-download-button\" ><img src=\"https:\/\/ciaoup.it\/wp-content\/plugins\/pdf-generator-for-wp\/admin\/src\/images\/PDF_Tray.svg\" title=\"Generate PDF\" style=\"width:auto; height:45px;\"><\/a>\n\t\t<\/div>","protected":false},"excerpt":{"rendered":"<p>(Adnkronos) &#8211; La malattia di Fabry &#8220;\u00e8 ancora oggi poco conosciuta e spesso non riconosciuta.&hellip;<\/p>\n","protected":false},"author":3,"featured_media":73930,"comment_status":"open","ping_status":"closed","sticky":false,"template":"","format":"standard","meta":{"footnotes":""},"categories":[12],"tags":[3],"class_list":["post-73929","post","type-post","status-publish","format-standard","has-post-thumbnail","hentry","category-comunicati","tag-ultimora"],"_links":{"self":[{"href":"https:\/\/ciaoup.it\/index.php?rest_route=\/wp\/v2\/posts\/73929","targetHints":{"allow":["GET"]}}],"collection":[{"href":"https:\/\/ciaoup.it\/index.php?rest_route=\/wp\/v2\/posts"}],"about":[{"href":"https:\/\/ciaoup.it\/index.php?rest_route=\/wp\/v2\/types\/post"}],"author":[{"embeddable":true,"href":"https:\/\/ciaoup.it\/index.php?rest_route=\/wp\/v2\/users\/3"}],"replies":[{"embeddable":true,"href":"https:\/\/ciaoup.it\/index.php?rest_route=%2Fwp%2Fv2%2Fcomments&post=73929"}],"version-history":[{"count":1,"href":"https:\/\/ciaoup.it\/index.php?rest_route=\/wp\/v2\/posts\/73929\/revisions"}],"predecessor-version":[{"id":73973,"href":"https:\/\/ciaoup.it\/index.php?rest_route=\/wp\/v2\/posts\/73929\/revisions\/73973"}],"wp:featuredmedia":[{"embeddable":true,"href":"https:\/\/ciaoup.it\/index.php?rest_route=\/wp\/v2\/media\/73930"}],"wp:attachment":[{"href":"https:\/\/ciaoup.it\/index.php?rest_route=%2Fwp%2Fv2%2Fmedia&parent=73929"}],"wp:term":[{"taxonomy":"category","embeddable":true,"href":"https:\/\/ciaoup.it\/index.php?rest_route=%2Fwp%2Fv2%2Fcategories&post=73929"},{"taxonomy":"post_tag","embeddable":true,"href":"https:\/\/ciaoup.it\/index.php?rest_route=%2Fwp%2Fv2%2Ftags&post=73929"}],"curies":[{"name":"wp","href":"https:\/\/api.w.org\/{rel}","templated":true}]}}