{"id":73927,"date":"2026-04-29T17:07:15","date_gmt":"2026-04-29T17:07:15","guid":{"rendered":"https:\/\/ciaoup.it\/?p=73927"},"modified":"2026-04-29T17:07:15","modified_gmt":"2026-04-29T17:07:15","slug":"pazienti-fabry-patologia-invalidante-ma-invisibile-4-mesi-lanno-persi","status":"publish","type":"post","link":"https:\/\/ciaoup.it\/?p=73927","title":{"rendered":"Pazienti Fabry: &#8220;Patologia invalidante ma invisibile, 4 mesi l&#8217;anno persi&#8221;"},"content":{"rendered":"<p> (Adnkronos) &#8211; &#8220;Quattro mesi ogni anno: \u00e8 il tempo che noi pazienti con malattia di Fabry perdiamo tra giornate di lavoro, visite, cure e giorni sottratti alla vita sociale a causa dei sintomi&#8221;. Lo ha detto Stefania Tobaldini, presidente dell&#8217;Associazione italiana Anderson-Fabry,  intervenuta alla presentazione &#8211; oggi a Roma &#8211; della campagna &#8216;She SpeaXX&#8217;, promossa da Chiesi Global Rare Diseases con la partecipazione di Aiaf. Obiettivo dell&#8217;iniziativa: colmare il gap di conoscenza e diagnosi di una patologia rara ancora troppo poco diagnosticata nella popolazione femminile.\u00a0<\/p>\n<p>La patologia genetica rara legata al cromosoma X, causata da mutazioni del gene GLA,  colpisce vari organi, in particolare reni, cuore e sistema nervoso. &#8220;Si tratta di una malattia cronica a tutti gli effetti, non guarisce con le terapie attuali&#8221; spiega Tobaldini . Tra le principali manifestazioni ci sono stanchezza cronica, neuropatia periferica, febbre, formicolii a mani e arti inferiori, dolore toracico, disturbi gastrointestinali e ridotta sudorazione. \u00a0<\/p>\n<p>&#8220;Nonostante le cure disponibili, la patologia resta quindi presente nel tempo e incide in modo significativo sulla quotidianit\u00e0 di noi pazienti. Oltre agli accessi in ospedale \u2014 che non in tutte le Regioni possono essere sostituiti da cure domiciliari \u2014 i sintomi costringono spesso a rinunciare anche alla vita sociale, dalle uscite con gli amici alle vacanze. Anche andare a cena fuori o portare i nostri figli a scuola diventa un compito arduo. La malattia di Fabry \u00e8 invalidante ma poich\u00e9 i sintoni non sono visibili non \u00e8 riconosciuta come tale&#8221; ha poi concluso. \u00a0<\/p>\n<p>&#8212;<\/p>\n<p>cronaca<\/p>\n<p>webinfo@adnkronos.com (Web Info)<\/p>\n<div style=\"display:flex; gap:10px;justify-content:center\" class=\"wps-pgfw-pdf-generate-icon__wrapper-frontend\">\n\t\t<a  href=\"https:\/\/ciaoup.it?action=genpdf&amp;id=73927\" class=\"pgfw-single-pdf-download-button\" ><img src=\"https:\/\/ciaoup.it\/wp-content\/plugins\/pdf-generator-for-wp\/admin\/src\/images\/PDF_Tray.svg\" title=\"Generate PDF\" style=\"width:auto; height:45px;\"><\/a>\n\t\t<\/div>","protected":false},"excerpt":{"rendered":"<p>(Adnkronos) &#8211; &#8220;Quattro mesi ogni anno: \u00e8 il tempo che noi pazienti con malattia di&hellip;<\/p>\n","protected":false},"author":3,"featured_media":73928,"comment_status":"open","ping_status":"closed","sticky":false,"template":"","format":"standard","meta":{"footnotes":""},"categories":[12],"tags":[3],"class_list":["post-73927","post","type-post","status-publish","format-standard","has-post-thumbnail","hentry","category-comunicati","tag-ultimora"],"_links":{"self":[{"href":"https:\/\/ciaoup.it\/index.php?rest_route=\/wp\/v2\/posts\/73927","targetHints":{"allow":["GET"]}}],"collection":[{"href":"https:\/\/ciaoup.it\/index.php?rest_route=\/wp\/v2\/posts"}],"about":[{"href":"https:\/\/ciaoup.it\/index.php?rest_route=\/wp\/v2\/types\/post"}],"author":[{"embeddable":true,"href":"https:\/\/ciaoup.it\/index.php?rest_route=\/wp\/v2\/users\/3"}],"replies":[{"embeddable":true,"href":"https:\/\/ciaoup.it\/index.php?rest_route=%2Fwp%2Fv2%2Fcomments&post=73927"}],"version-history":[{"count":1,"href":"https:\/\/ciaoup.it\/index.php?rest_route=\/wp\/v2\/posts\/73927\/revisions"}],"predecessor-version":[{"id":73974,"href":"https:\/\/ciaoup.it\/index.php?rest_route=\/wp\/v2\/posts\/73927\/revisions\/73974"}],"wp:featuredmedia":[{"embeddable":true,"href":"https:\/\/ciaoup.it\/index.php?rest_route=\/wp\/v2\/media\/73928"}],"wp:attachment":[{"href":"https:\/\/ciaoup.it\/index.php?rest_route=%2Fwp%2Fv2%2Fmedia&parent=73927"}],"wp:term":[{"taxonomy":"category","embeddable":true,"href":"https:\/\/ciaoup.it\/index.php?rest_route=%2Fwp%2Fv2%2Fcategories&post=73927"},{"taxonomy":"post_tag","embeddable":true,"href":"https:\/\/ciaoup.it\/index.php?rest_route=%2Fwp%2Fv2%2Ftags&post=73927"}],"curies":[{"name":"wp","href":"https:\/\/api.w.org\/{rel}","templated":true}]}}