{"id":73925,"date":"2026-04-29T17:15:00","date_gmt":"2026-04-29T17:15:00","guid":{"rendered":"https:\/\/ciaoup.it\/?p=73925"},"modified":"2026-04-29T17:15:00","modified_gmt":"2026-04-29T17:15:00","slug":"strage-di-crans-montana-italia-si-costituisce-parte-civile-nel-processo-penale","status":"publish","type":"post","link":"https:\/\/ciaoup.it\/?p=73925","title":{"rendered":"Strage di Crans Montana, Italia si costituisce parte civile nel processo penale"},"content":{"rendered":"<p> (Adnkronos) &#8211; L&#8217;Italia si costituisce parte civile nel processo penale per la strage di Crans-Montana. La presidenza del Consiglio dei ministri, &#8220;tramite l\u2019Avvocatura Generale dello Stato, che a sua volta ha delegato uno studio legale elvetico&#8221;, ha infatti &#8220;depositato l\u2019atto di costituzione di parte civile della Repubblica Italiana&#8221; nel procedimento penale relativo all\u2019incendio avvenuto nella localit\u00e0 Svizzera tra il 31 dicembre 2025 e il 1\u00b0 gennaio 2026. &#8220;La decisione &#8211; si legge in una nota di Palazzo Chigi &#8211; \u00e8 motivata dal danno diretto arrecato al patrimonio dello Stato italiano a causa delle ingenti risorse mobilitate dal Servizio nazionale della Protezione civile per l\u2019assistenza medica, psicologica e logistica ai connazionali coinvolti&#8221;. \u00a0<\/p>\n<p>&#8220;Sotto il profilo delle responsabilit\u00e0 &#8211; viene sottolineato da palazzo Chigi &#8211; il documento di costituzione di parte civile evidenzia come il coinvolgimento delle autorit\u00e0 locali nella genesi dell\u2019evento sia considerato estremamente verosimile, giustificando la ferma richiesta di ristoro contro tutti i soggetti civilmente responsabili&#8221;.\u00a0<\/p>\n<p> &#8220;Il governo italiano continuer\u00e0 ad assicurare il massimo impegno nel monitorare ogni fase del procedimento giudiziario in Svizzera&#8221; sulla tragedia, &#8220;garantendo un\u2019informazione costante e trasparente sulle proprie iniziative e confermando il pieno e ininterrotto supporto alle famiglie delle vittime e ai feriti, affinch\u00e9 sia fatta piena luce sulle responsabilit\u00e0 e sia resa giustizia per il grave danno subito dalla comunit\u00e0 nazionale&#8221;, recita ancora la nota.\u00a0<\/p>\n<p>\u00a0<\/p>\n<p>&#8212;<\/p>\n<p>politica<\/p>\n<p>webinfo@adnkronos.com (Web Info)<\/p>\n<div style=\"display:flex; gap:10px;justify-content:center\" class=\"wps-pgfw-pdf-generate-icon__wrapper-frontend\">\n\t\t<a  href=\"https:\/\/ciaoup.it?action=genpdf&amp;id=73925\" class=\"pgfw-single-pdf-download-button\" ><img src=\"https:\/\/ciaoup.it\/wp-content\/plugins\/pdf-generator-for-wp\/admin\/src\/images\/PDF_Tray.svg\" title=\"Generate PDF\" style=\"width:auto; height:45px;\"><\/a>\n\t\t<\/div>","protected":false},"excerpt":{"rendered":"<p>(Adnkronos) &#8211; L&#8217;Italia si costituisce parte civile nel processo penale per la strage di Crans-Montana.&hellip;<\/p>\n","protected":false},"author":3,"featured_media":73926,"comment_status":"open","ping_status":"closed","sticky":false,"template":"","format":"standard","meta":{"footnotes":""},"categories":[12],"tags":[3],"class_list":["post-73925","post","type-post","status-publish","format-standard","has-post-thumbnail","hentry","category-comunicati","tag-ultimora"],"_links":{"self":[{"href":"https:\/\/ciaoup.it\/index.php?rest_route=\/wp\/v2\/posts\/73925","targetHints":{"allow":["GET"]}}],"collection":[{"href":"https:\/\/ciaoup.it\/index.php?rest_route=\/wp\/v2\/posts"}],"about":[{"href":"https:\/\/ciaoup.it\/index.php?rest_route=\/wp\/v2\/types\/post"}],"author":[{"embeddable":true,"href":"https:\/\/ciaoup.it\/index.php?rest_route=\/wp\/v2\/users\/3"}],"replies":[{"embeddable":true,"href":"https:\/\/ciaoup.it\/index.php?rest_route=%2Fwp%2Fv2%2Fcomments&post=73925"}],"version-history":[{"count":1,"href":"https:\/\/ciaoup.it\/index.php?rest_route=\/wp\/v2\/posts\/73925\/revisions"}],"predecessor-version":[{"id":73975,"href":"https:\/\/ciaoup.it\/index.php?rest_route=\/wp\/v2\/posts\/73925\/revisions\/73975"}],"wp:featuredmedia":[{"embeddable":true,"href":"https:\/\/ciaoup.it\/index.php?rest_route=\/wp\/v2\/media\/73926"}],"wp:attachment":[{"href":"https:\/\/ciaoup.it\/index.php?rest_route=%2Fwp%2Fv2%2Fmedia&parent=73925"}],"wp:term":[{"taxonomy":"category","embeddable":true,"href":"https:\/\/ciaoup.it\/index.php?rest_route=%2Fwp%2Fv2%2Fcategories&post=73925"},{"taxonomy":"post_tag","embeddable":true,"href":"https:\/\/ciaoup.it\/index.php?rest_route=%2Fwp%2Fv2%2Ftags&post=73925"}],"curies":[{"name":"wp","href":"https:\/\/api.w.org\/{rel}","templated":true}]}}