{"id":73916,"date":"2026-04-29T16:51:00","date_gmt":"2026-04-29T16:51:00","guid":{"rendered":"https:\/\/ciaoup.it\/?p=73916"},"modified":"2026-04-29T16:51:00","modified_gmt":"2026-04-29T16:51:00","slug":"scuola-anief-apre-a-giovani-insegnanti-dare-piu-tutele","status":"publish","type":"post","link":"https:\/\/ciaoup.it\/?p=73916","title":{"rendered":"Scuola, Anief &#8216;apre&#8217; a giovani insegnanti: dare pi\u00f9 tutele"},"content":{"rendered":"<p> (Adnkronos) &#8211; Insegnare in Italia? \u00c8 per lavoratrici mature. Gi\u00e0, perch\u00e9 l\u201980% \u00e8 donna e over 45 prima di entrare nei ruoli, ma il cursus honorum \u00e8 lungo. Si inizia a insegnare come precaria a 30 anni, qualcuna anche prima e dopo anni e anni di supplentite si entra di ruolo, spesso senza essersi mai interrogati sul proprio cedolino e sul proprio contratto di lavoro. Quasi sempre si ignora la normativa europea, ci si disinteressa di quella contrattuale pur coltivando da esperta la propria disciplina. Secondo il giovane e rappresentativo sindacato Anief \u00e8 un paradosso tutto italiano: si parte dalla mortificazione dei diritti e non dalla valorizzazione di chi chiama in cattedra da precario prima dell\u2019agognato ruolo, salvo poi negare il diritto alla famiglia coi trasferimenti.\u00a0<\/p>\n<p>Spesso il sindacato \u00e8 latitante, a volte indifferente: Anief ha scelto di scendere in campo per rappresentare quelle giovani e quei giovani la cui vocazione deve essere accompagnata da riconoscimento professionale e tutela sindacale fin dai primi anni di studio universitari e durante i corsi di accesso all\u2019insegnamento. Alessandro Albergoni, membro del board di Cesi Youth (confederazione europea che rappresenta 7 milioni di laboratori in Europa), presieduta da un altro dirigente sindacale nazionale di Anief Antonello Pietrangeli, \u00e8 stato nominato coordinatore nazionale Anief della sezione giovani da Marcello Pacifico, presidente nazionale Anief e della Academy Cesi Europe, in occasione del convegno nazionale svolto a Palermo presso la Lumsa oggi.\u00a0<\/p>\n<p>\u201cIl tema della formazione degli insegnanti \u00e8 uno dei temi pi\u00f9 affascinanti, per\u00f2 per portare avanti questa missione al meglio bisogna essere sempre consapevoli dei propri diritti, lo dico partendo dalla mia esperienza personale. Quando ho iniziato a insegnare, pi\u00f9 di 25 anni fa, nessuno mi aveva detto quello che mi aspettava: nessuno in tutti gli anni di precariato mi aveva detto che cosa era un contratto, quali erano i miei diritti, cosa potevo fare, se potevo chiedere delle ferie, se potevo chiedere dei permessi, quale erano gli aumenti stipendiali. L\u2019Anief vuole invertire questa tendenza e formare una classe di insegnanti e personale Ata consapevoli. La consapevolezza ti d\u00e0 la possibilit\u00e0 di essere pi\u00f9 incisivo, ti permette di avere pi\u00f9 soddisfazione, ti permette anche di pianificare meglio la tua vita e tutto questo ha ricadute nel lavoro\u201d, ha detto Marcello Pacifico, leader del sindacato Anief. \u201cOltre a fare questa campagna informativa vogliamo anche affrontare il tema della conoscenza di diritti e doveri: questo significa fare sindacato a 360 gradi. Vogliamo portare la questione dei lavoratori della scuola anche in Europa\u201d, ha concluso Pacifico.\u00a0<\/p>\n<p>&#8212;<\/p>\n<p>economia<\/p>\n<p>webinfo@adnkronos.com (Web Info)<\/p>\n<div style=\"display:flex; gap:10px;justify-content:center\" class=\"wps-pgfw-pdf-generate-icon__wrapper-frontend\">\n\t\t<a  href=\"https:\/\/ciaoup.it?action=genpdf&amp;id=73916\" class=\"pgfw-single-pdf-download-button\" ><img src=\"https:\/\/ciaoup.it\/wp-content\/plugins\/pdf-generator-for-wp\/admin\/src\/images\/PDF_Tray.svg\" title=\"Generate PDF\" style=\"width:auto; height:45px;\"><\/a>\n\t\t<\/div>","protected":false},"excerpt":{"rendered":"<p>(Adnkronos) &#8211; Insegnare in Italia? \u00c8 per lavoratrici mature. Gi\u00e0, perch\u00e9 l\u201980% \u00e8 donna e&hellip;<\/p>\n","protected":false},"author":3,"featured_media":73917,"comment_status":"open","ping_status":"closed","sticky":false,"template":"","format":"standard","meta":{"footnotes":""},"categories":[12],"tags":[3],"class_list":["post-73916","post","type-post","status-publish","format-standard","has-post-thumbnail","hentry","category-comunicati","tag-ultimora"],"_links":{"self":[{"href":"https:\/\/ciaoup.it\/index.php?rest_route=\/wp\/v2\/posts\/73916","targetHints":{"allow":["GET"]}}],"collection":[{"href":"https:\/\/ciaoup.it\/index.php?rest_route=\/wp\/v2\/posts"}],"about":[{"href":"https:\/\/ciaoup.it\/index.php?rest_route=\/wp\/v2\/types\/post"}],"author":[{"embeddable":true,"href":"https:\/\/ciaoup.it\/index.php?rest_route=\/wp\/v2\/users\/3"}],"replies":[{"embeddable":true,"href":"https:\/\/ciaoup.it\/index.php?rest_route=%2Fwp%2Fv2%2Fcomments&post=73916"}],"version-history":[{"count":1,"href":"https:\/\/ciaoup.it\/index.php?rest_route=\/wp\/v2\/posts\/73916\/revisions"}],"predecessor-version":[{"id":73952,"href":"https:\/\/ciaoup.it\/index.php?rest_route=\/wp\/v2\/posts\/73916\/revisions\/73952"}],"wp:featuredmedia":[{"embeddable":true,"href":"https:\/\/ciaoup.it\/index.php?rest_route=\/wp\/v2\/media\/73917"}],"wp:attachment":[{"href":"https:\/\/ciaoup.it\/index.php?rest_route=%2Fwp%2Fv2%2Fmedia&parent=73916"}],"wp:term":[{"taxonomy":"category","embeddable":true,"href":"https:\/\/ciaoup.it\/index.php?rest_route=%2Fwp%2Fv2%2Fcategories&post=73916"},{"taxonomy":"post_tag","embeddable":true,"href":"https:\/\/ciaoup.it\/index.php?rest_route=%2Fwp%2Fv2%2Ftags&post=73916"}],"curies":[{"name":"wp","href":"https:\/\/api.w.org\/{rel}","templated":true}]}}