{"id":73844,"date":"2026-04-29T13:40:53","date_gmt":"2026-04-29T13:40:53","guid":{"rendered":"https:\/\/ciaoup.it\/?p=73844"},"modified":"2026-04-29T13:40:53","modified_gmt":"2026-04-29T13:40:53","slug":"massimo-bagnato-chi-e-il-comico-arrestato-per-stalking","status":"publish","type":"post","link":"https:\/\/ciaoup.it\/?p=73844","title":{"rendered":"Massimo Bagnato chi \u00e8, il comico arrestato per stalking"},"content":{"rendered":"<p> (Adnkronos) &#8211;<br \/>\nMassimo Bagnato \u00e8 stato arrestato con l&#8217;accusa di stalking ai danni della sua ex compagna. Il comico, famoso per le sue apparizioni in programmi come &#8216;Zelig&#8217; e &#8216;Quelli che il calcio&#8217;, stando a quando riportato da Repubblica e Messaggero \u00e8 stato fermato nella zona della Balduina, sotto l&#8217;appartamento della donna. \u00a0<\/p>\n<p>Massimo Bagnato \u00e8 nato a Roma nel 1972. La sua comicit\u00e0 \u00e8 considerata nonsense, capace di rovesciare il clich\u00e9 del comico moderno. \u00c8 conosciuto principalmente per il \u2018tormentone del braccio\u2019. Durante le sue apparizioni televisive e nei suoi spettacoli in teatro, infatti, spazia tra monologhi e richieste che coinvolgono lo spettatore, a cui \u00e8 richiesto di alzare il braccio quando viene chiamato in causa.\u00a0<\/p>\n<p>Massimo Bagnato comincia il suo percorso da comico nei primi anni duemila. Dal 2008 partecipa a Quelli che il calcio su Rai 2 e nel 2009 conduce insieme a Thais Wiggers \u2018Seratona\u2019. Ma il vero successo arriva con la partecipazione a Zelig. Prima, nel 2009 debutta a Zalig Off, e nel gennaio 2010 entra a far parte del cast di Zelig, con Claudio Bisio e Vanessa Incontrada. \u00a0<\/p>\n<p>Negli ultimi anni \u00e8 stato anche da Bar Stella con Stefano De Martino, al Festivallo di Nino Frassica. Nel 2024 \u00e8 anche stato tra i protagonisti di Tale e Quale Show e nel 2025 ha partecipato a Lol 5. Parallelamente ha costruito la sua carriera come artista teatrale, con i suoi show in giro per tutta l\u2019Italia.\u00a0<\/p>\n<p>Secondo quanto ricostruito, luned\u00ec scorso i carabinieri della stazione Medaglie d\u2019Oro hanno ricevuto una telefonata con la richiesta di aiuto da parte di una donna che diceva di \u201caver incontrato l\u2019ex mentre rientrava nel suo appartamento alla Balduina\u201d si legge. Sul posto i militari trovano Massimo Bagnato che \u201cinizia a inveire nei confronti dei carabinieri e della donna \u2018in maniera minacciosa\u2019. Viene ammanettato e sbotta: \u2018Guarda cosa mi hai fatto, cosa mi hai combinato\u2019 urla all\u2019ex fidanzata mentre indica i polsi legati. Poi viene caricato in auto e portato negli uffici, dove i toni restano accesi\u201d.\u00a0<\/p>\n<p>Il comico in aula si \u00e8 difeso \u201cammettendo di averla aspettata in alcune occasioni sotto casa o fuori dalla palestra &#8211; scrive il Messaggero- che di solito la ex frequenta, ma sempre con educazione e solo per chiedere spiegazioni sulla rottura del loro rapporto. Una tesi che dovr\u00e0 convincere il giudice nel processo che comincer\u00e0 a breve\u201d.\u00a0<\/p>\n<p>&#8212;<\/p>\n<p>spettacoli<\/p>\n<p>webinfo@adnkronos.com (Web Info)<\/p>\n<div style=\"display:flex; gap:10px;justify-content:center\" class=\"wps-pgfw-pdf-generate-icon__wrapper-frontend\">\n\t\t<a  href=\"https:\/\/ciaoup.it?action=genpdf&amp;id=73844\" class=\"pgfw-single-pdf-download-button\" ><img src=\"https:\/\/ciaoup.it\/wp-content\/plugins\/pdf-generator-for-wp\/admin\/src\/images\/PDF_Tray.svg\" title=\"Generate PDF\" style=\"width:auto; height:45px;\"><\/a>\n\t\t<\/div>","protected":false},"excerpt":{"rendered":"<p>(Adnkronos) &#8211; Massimo Bagnato \u00e8 stato arrestato con l&#8217;accusa di stalking ai danni della sua&hellip;<\/p>\n","protected":false},"author":3,"featured_media":73845,"comment_status":"open","ping_status":"closed","sticky":false,"template":"","format":"standard","meta":{"footnotes":""},"categories":[12],"tags":[3],"class_list":["post-73844","post","type-post","status-publish","format-standard","has-post-thumbnail","hentry","category-comunicati","tag-ultimora"],"_links":{"self":[{"href":"https:\/\/ciaoup.it\/index.php?rest_route=\/wp\/v2\/posts\/73844","targetHints":{"allow":["GET"]}}],"collection":[{"href":"https:\/\/ciaoup.it\/index.php?rest_route=\/wp\/v2\/posts"}],"about":[{"href":"https:\/\/ciaoup.it\/index.php?rest_route=\/wp\/v2\/types\/post"}],"author":[{"embeddable":true,"href":"https:\/\/ciaoup.it\/index.php?rest_route=\/wp\/v2\/users\/3"}],"replies":[{"embeddable":true,"href":"https:\/\/ciaoup.it\/index.php?rest_route=%2Fwp%2Fv2%2Fcomments&post=73844"}],"version-history":[{"count":1,"href":"https:\/\/ciaoup.it\/index.php?rest_route=\/wp\/v2\/posts\/73844\/revisions"}],"predecessor-version":[{"id":73892,"href":"https:\/\/ciaoup.it\/index.php?rest_route=\/wp\/v2\/posts\/73844\/revisions\/73892"}],"wp:featuredmedia":[{"embeddable":true,"href":"https:\/\/ciaoup.it\/index.php?rest_route=\/wp\/v2\/media\/73845"}],"wp:attachment":[{"href":"https:\/\/ciaoup.it\/index.php?rest_route=%2Fwp%2Fv2%2Fmedia&parent=73844"}],"wp:term":[{"taxonomy":"category","embeddable":true,"href":"https:\/\/ciaoup.it\/index.php?rest_route=%2Fwp%2Fv2%2Fcategories&post=73844"},{"taxonomy":"post_tag","embeddable":true,"href":"https:\/\/ciaoup.it\/index.php?rest_route=%2Fwp%2Fv2%2Ftags&post=73844"}],"curies":[{"name":"wp","href":"https:\/\/api.w.org\/{rel}","templated":true}]}}