{"id":73827,"date":"2026-04-29T13:18:00","date_gmt":"2026-04-29T13:18:00","guid":{"rendered":"https:\/\/ciaoup.it\/?p=73827"},"modified":"2026-04-29T13:18:00","modified_gmt":"2026-04-29T13:18:00","slug":"biennale-arte-ispettori-del-mic-alla-fondazione-per-accertamenti-su-padiglione-russo","status":"publish","type":"post","link":"https:\/\/ciaoup.it\/?p=73827","title":{"rendered":"Biennale Arte, ispettori del MiC alla Fondazione per accertamenti su padiglione russo"},"content":{"rendered":"<p> (Adnkronos) &#8211; In arrivo un&#8217;ispezione a Ca&#8217; Giustinian, sede della Biennale di Venezia, in relazione all&#8217;allestimento del padiglione russo alla imminente Biennale Arte 2026, la cui vernice si terr\u00e0 dal 5 all&#8217;8 maggio. Il Ministero della Cultura, secondo quanto risulta all&#8217;Adnkronos, avrebbe disposto l\u2019invio di ispettori nella sede della Fondazione presieduta da Pietrangelo Buttafuoco per verifiche e approfondimenti legati alla gestione dell\u2019edizione 2026 dell\u2019Esposizione Internazionale d\u2019Arte e in particolare alle autorizzazioni concesse alla Federazione Russa in relazione all&#8217;organizzazione del padiglione di propriet\u00e0 ai Giardini. \u00a0<\/p>\n<p>I funzionari del MiC dovrebbero acquisire nuovi documenti relativi alla riapertura del padiglione russo, da settimane al centro di polemiche nazionali e internazionali. Gi\u00e0 nelle scorse settimane la Biennale aveva inviato copia della corrispondenza intrattenuta con le autorit\u00e0 di Mosca al Mic, senza che fossero emerse irregolarit\u00e0 nel rispetto del regime sanzionatorio che vige nei confronti della Russia dopo l&#8217;aggressione all&#8217;Ucraina.\u00a0<\/p>\n<p>Secondo quanto si apprende, i nuovi controlli sarebbero legati alle polemiche seguite all\u2019esclusione di Russia e Israele dai premi che la giuria internazionale assegner\u00e0 il 9 maggio, e alla necessit\u00e0 di completare l&#8217;acquisizione dei documenti ricevuti in precedenza dal MiC.\u00a0<\/p>\n<p>Nei giorni il ministro della Cultura, Alessandro Giuli, ha annunciato che diserter\u00e0 la cerimonia inaugurale della Biennale Arte, proprio in segno di protesta contro la presenza russa. Una decisione che ha ulteriormente accentuato la tensione attorno a uno degli eventi artistici pi\u00f9 importanti al mondo.\u00a0<\/p>\n<p>Gi\u00e0 a marzo il ministero della Cultura aveva chiesto alla Biennale tutta la documentazione sulla partecipazione russa, inclusa la corrispondenza, per verificarne la compatibilit\u00e0 con le sanzioni. Da quelle carte sono stati ricostruiti i contatti operativi per la riapertura del padiglione russo, che la Fondazione ha definito normali interlocuzioni procedurali. Il ministero ha gi\u00e0 acquisito le comunicazioni interne tra il presidente Buttafuoco, il direttore generale Andrea Del Mercato e la commissaria del padiglione russo Anastasia Karneeva, che mostrerebbero come il ritorno della Russia fosse stato pianificato gi\u00e0 a partire dall\u2019estate 2025. Tra i passaggi, una mail del novembre scorso in cui Karneeva segnalava difficolt\u00e0 nel rilascio dei visti per il curatore Petr Musoev e chiedeva assistenza per ottenere una lettera d\u2019invito ufficiale. La Russia avrebbe confermato la propria partecipazione gi\u00e0 all\u2019inizio dell\u2019anno, presentando il progetto espositivo intitolato &#8216;The tree is rooted in the sky&#8217;. I materiali per il catalogo sarebbero stati completati entro febbraio.\u00a0<\/p>\n<p>Uno degli aspetti pi\u00f9 delicati emersi riguarda il tentativo di conciliare la partecipazione russa con il rispetto delle sanzioni europee. Le comunicazioni farebbero riferimento a una strategia condivisa per evitare violazioni normative, pur consentendo la presenza del padiglione all\u2019interno della manifestazione.\u00a0<\/p>\n<p>Secondo quanto riportato, il padiglione russo sar\u00e0 infatti accessibile solo durante i giorni di pre-apertura della Biennale Arte (6\u20138 maggio), mentre dal giorno successivo rimarr\u00e0 chiuso al pubblico. Le performance saranno comunque documentate e rese visibili attraverso contenuti video proiettati all\u2019esterno dell\u2019edificio. Una soluzione di compromesso che, per\u00f2, non ha placato le polemiche.\u00a0<\/p>\n<p>A livello europeo, la vicenda si inserisce in un contesto gi\u00e0 fortemente segnato dal conflitto in Ucraina e dalle relative sanzioni contro Mosca. Nei giorni scorsi, l\u2019Unione Europea ha annunciato il possibile ritiro di circa 2 milioni di euro di finanziamenti destinati alla Biennale di Venezia per progetti legati al mondo del cinema, in segno di protesta per la partecipazione russa. Parallelamente, la giuria internazionale della Biennale Arte ha adottato una posizione inedita, escludendo dalla corsa al Leone d\u2019Oro e al Leone d\u2019Argento i Paesi i cui leader sono accusati dalla Corte penale internazionale di crimini contro l\u2019umanit\u00e0, quindi Russia e Israele. Di fronte alle accuse, la Fondazione ha sempre difeso il proprio operato, ribadendo di aver agito \u201cnel pieno rispetto delle regole e delle normative vigenti\u201d. La Biennale ha sottolineato che ogni decisione relativa ai padiglioni nazionali \u00e8 stata presa dopo \u201cattente valutazioni giuridiche e istituzionali\u201d, senza alcuna intenzione di aggirare le sanzioni internazionali.\u00a0<\/p>\n<p>&#8212;<\/p>\n<p>cultura<\/p>\n<p>webinfo@adnkronos.com (Web Info)<\/p>\n<div style=\"display:flex; gap:10px;justify-content:center\" class=\"wps-pgfw-pdf-generate-icon__wrapper-frontend\">\n\t\t<a  href=\"https:\/\/ciaoup.it?action=genpdf&amp;id=73827\" class=\"pgfw-single-pdf-download-button\" ><img src=\"https:\/\/ciaoup.it\/wp-content\/plugins\/pdf-generator-for-wp\/admin\/src\/images\/PDF_Tray.svg\" title=\"Generate PDF\" style=\"width:auto; height:45px;\"><\/a>\n\t\t<\/div>","protected":false},"excerpt":{"rendered":"<p>(Adnkronos) &#8211; In arrivo un&#8217;ispezione a Ca&#8217; Giustinian, sede della Biennale di Venezia, in relazione&hellip;<\/p>\n","protected":false},"author":3,"featured_media":73828,"comment_status":"open","ping_status":"closed","sticky":false,"template":"","format":"standard","meta":{"footnotes":""},"categories":[12],"tags":[3],"class_list":["post-73827","post","type-post","status-publish","format-standard","has-post-thumbnail","hentry","category-comunicati","tag-ultimora"],"_links":{"self":[{"href":"https:\/\/ciaoup.it\/index.php?rest_route=\/wp\/v2\/posts\/73827","targetHints":{"allow":["GET"]}}],"collection":[{"href":"https:\/\/ciaoup.it\/index.php?rest_route=\/wp\/v2\/posts"}],"about":[{"href":"https:\/\/ciaoup.it\/index.php?rest_route=\/wp\/v2\/types\/post"}],"author":[{"embeddable":true,"href":"https:\/\/ciaoup.it\/index.php?rest_route=\/wp\/v2\/users\/3"}],"replies":[{"embeddable":true,"href":"https:\/\/ciaoup.it\/index.php?rest_route=%2Fwp%2Fv2%2Fcomments&post=73827"}],"version-history":[{"count":1,"href":"https:\/\/ciaoup.it\/index.php?rest_route=\/wp\/v2\/posts\/73827\/revisions"}],"predecessor-version":[{"id":73876,"href":"https:\/\/ciaoup.it\/index.php?rest_route=\/wp\/v2\/posts\/73827\/revisions\/73876"}],"wp:featuredmedia":[{"embeddable":true,"href":"https:\/\/ciaoup.it\/index.php?rest_route=\/wp\/v2\/media\/73828"}],"wp:attachment":[{"href":"https:\/\/ciaoup.it\/index.php?rest_route=%2Fwp%2Fv2%2Fmedia&parent=73827"}],"wp:term":[{"taxonomy":"category","embeddable":true,"href":"https:\/\/ciaoup.it\/index.php?rest_route=%2Fwp%2Fv2%2Fcategories&post=73827"},{"taxonomy":"post_tag","embeddable":true,"href":"https:\/\/ciaoup.it\/index.php?rest_route=%2Fwp%2Fv2%2Ftags&post=73827"}],"curies":[{"name":"wp","href":"https:\/\/api.w.org\/{rel}","templated":true}]}}