{"id":73734,"date":"2026-04-29T09:08:00","date_gmt":"2026-04-29T09:08:00","guid":{"rendered":"https:\/\/ciaoup.it\/?p=73734"},"modified":"2026-04-29T09:08:00","modified_gmt":"2026-04-29T09:08:00","slug":"instagram-e-facebook-sotto-accusa-ue-minori-di-13-anni-non-protetti","status":"publish","type":"post","link":"https:\/\/ciaoup.it\/?p=73734","title":{"rendered":"Instagram e Facebook sotto accusa Ue: minori di 13 anni non protetti"},"content":{"rendered":"<p> (Adnkronos) &#8211;<br \/>\nInstagram e Facebook violano il Digital Services Act, perch\u00e9 hanno identificato n\u00e9 valutato n\u00e9 mitigato adeguatamente i rischi derivanti dall&#8217;accesso ai loro servizi da parte di minori di 13 anni. E&#8217; la constatazione preliminare cui \u00e8 giunta la Commissione Europea, nell&#8217;ambito dell&#8217;indagine in  corso sui social del colosso americano Meta. \u00a0<\/p>\n<p>Nonostante i termini e le condizioni di Meta stabiliscano a 13 anni l&#8217;et\u00e0 minima per accedere in sicurezza a Instagram e Facebook, le misure adottate dall&#8217;azienda per far rispettare queste restrizioni &#8220;non sembrano essere efficaci&#8221;. Queste misure, rileva la Commissione, non impediscono in modo adeguato ai minori di 13 anni di accedere ai servizi, n\u00e9 li identificano e rimuovono tempestivamente qualora abbiano gi\u00e0 ottenuto l&#8217;accesso.\u00a0<\/p>\n<p>Ad esempio, al momento della creazione di un account, i minori di 13 anni possono inserire una data di nascita falsa che li faccia apparire almeno tredicenni, senza che siano in atto controlli efficaci per verificare la correttezza della data di nascita autodichiarata.\u00a0<\/p>\n<p>Lo strumento di Meta per segnalare i minori di 13 anni sulla piattaforma, osserva la Commissione, \u00e8 difficile da usare ed \u00e8 pure inefficace, richiedendo fino a sette clic solo per accedere al modulo di segnalazione, che non \u00e8 precompilato automaticamente con le informazioni dell&#8217;utente. Anche quando un minore di 13 anni viene segnalato perch\u00e9 al di sotto della soglia di et\u00e0, spesso, osserva l&#8217;esecutivo Ue, non c&#8217;\u00e8 un adeguato seguito e il minore segnalato pu\u00f2 semplicemente continuare a utilizzare il servizio, &#8220;senza alcun tipo di controllo&#8221;.\u00a0<\/p>\n<p>Questa condotta, aggiunge l&#8217;esecutivo Ue, si basa su una valutazione del rischio &#8220;incompleta e arbitraria&#8221;, che identifica in modo &#8220;inadeguato&#8221; il rischio che i minori di 13 anni accedano a Instagram e Facebook e siano esposti a esperienze &#8220;inappropriate per la loro et\u00e0&#8221;. La valutazione di Meta contraddice &#8220;un&#8217;ampia mole di prove&#8221; provenienti da tutta l&#8217;Unione Europea che indicano che &#8220;circa il 10-12% dei bambini sotto i 13 anni accede a Instagram e\/o Facebook&#8221;. Inoltre, Meta &#8220;sembra aver ignorato le prove scientifiche, facilmente disponibili, che indicano che i bambini pi\u00f9 piccoli sono pi\u00f9 vulnerabili ai potenziali danni causati da servizi come Facebook e Instagram&#8221;. \u00a0<\/p>\n<p>E dunque, in questa fase, la Commissione ritiene che Instagram e Facebook debbano modificare la propria metodologia di valutazione del rischio, per valutare quali rischi si presentino su Instagram e Facebook nell&#8217;Unione Europea e come si manifestino. Inoltre, Instagram e Facebook devono rafforzare le proprie misure per prevenire, individuare ed eliminare i minori di 13 anni dai loro servizi. Meta deve contrastare e mitigare efficacemente i rischi che i minori di 13 anni potrebbero incontrare sulle piattaforme, che devono &#8220;garantire un elevato livello di privacy, sicurezza e protezione per i minori&#8221;.\u00a0<\/p>\n<p>Nell&#8217;esercizio del diritto di difesa, Instagram e Facebook hanno ora la possibilit\u00e0 di esaminare i documenti contenuti nei fascicoli d&#8217;indagine della Commissione e di rispondere per iscritto alle conclusioni preliminari. Le piattaforme possono adottare misure per porre rimedio alle violazioni, in linea con le linee guida del Dsa del 2025 sulla protezione dei minori. Parallelamente, verr\u00e0 consultato il Comitato europeo per i servizi digitali (Ebsd).\u00a0<\/p>\n<p>Se le conclusioni della Commissione verranno confermate, verr\u00e0 emessa una decisione di non conformit\u00e0, che pu\u00f2 comportare l&#8217;applicazione di una sanzione pecuniaria proporzionata all&#8217;infrazione, che non potr\u00e0 superare il 6% del fatturato annuo globale del fornitore. La Commissione pu\u00f2 anche imporre il pagamento di sanzioni periodiche per obbligare la piattaforma a conformarsi. Le conclusioni preliminari rientrano nel procedimento formale avviato dalla Commissione contro Instagram e Facebook ai sensi del Dsa il 16 maggio 2024. \u00a0<\/p>\n<p>Per la vicepresidente della Commissione Henna Virkkunen, &#8220;le stesse condizioni generali di Meta indicano che i loro servizi non sono destinati ai minori di 13 anni. Tuttavia, i nostri risultati preliminari mostrano che Instagram e Facebook stanno facendo ben poco per impedire ai bambini di et\u00e0 inferiore a questa di accedere ai loro servizi. Il Dsa (Digital Services Act) impone alle piattaforme di far rispettare le proprie regole: i termini e le condizioni non dovrebbero essere semplici dichiarazioni scritte, ma piuttosto la base per azioni concrete volte a proteggere gli utenti, compresi i minori&#8221;.\u00a0<\/p>\n<p>&#8212;<\/p>\n<p>internazionale\/esteri<\/p>\n<p>webinfo@adnkronos.com (Web Info)<\/p>\n<div style=\"display:flex; gap:10px;justify-content:center\" class=\"wps-pgfw-pdf-generate-icon__wrapper-frontend\">\n\t\t<a  href=\"https:\/\/ciaoup.it?action=genpdf&amp;id=73734\" class=\"pgfw-single-pdf-download-button\" ><img src=\"https:\/\/ciaoup.it\/wp-content\/plugins\/pdf-generator-for-wp\/admin\/src\/images\/PDF_Tray.svg\" title=\"Generate PDF\" style=\"width:auto; height:45px;\"><\/a>\n\t\t<\/div>","protected":false},"excerpt":{"rendered":"<p>(Adnkronos) &#8211; Instagram e Facebook violano il Digital Services Act, perch\u00e9 hanno identificato n\u00e9 valutato&hellip;<\/p>\n","protected":false},"author":3,"featured_media":73735,"comment_status":"open","ping_status":"closed","sticky":false,"template":"","format":"standard","meta":{"footnotes":""},"categories":[12],"tags":[3],"class_list":["post-73734","post","type-post","status-publish","format-standard","has-post-thumbnail","hentry","category-comunicati","tag-ultimora"],"_links":{"self":[{"href":"https:\/\/ciaoup.it\/index.php?rest_route=\/wp\/v2\/posts\/73734","targetHints":{"allow":["GET"]}}],"collection":[{"href":"https:\/\/ciaoup.it\/index.php?rest_route=\/wp\/v2\/posts"}],"about":[{"href":"https:\/\/ciaoup.it\/index.php?rest_route=\/wp\/v2\/types\/post"}],"author":[{"embeddable":true,"href":"https:\/\/ciaoup.it\/index.php?rest_route=\/wp\/v2\/users\/3"}],"replies":[{"embeddable":true,"href":"https:\/\/ciaoup.it\/index.php?rest_route=%2Fwp%2Fv2%2Fcomments&post=73734"}],"version-history":[{"count":1,"href":"https:\/\/ciaoup.it\/index.php?rest_route=\/wp\/v2\/posts\/73734\/revisions"}],"predecessor-version":[{"id":73770,"href":"https:\/\/ciaoup.it\/index.php?rest_route=\/wp\/v2\/posts\/73734\/revisions\/73770"}],"wp:featuredmedia":[{"embeddable":true,"href":"https:\/\/ciaoup.it\/index.php?rest_route=\/wp\/v2\/media\/73735"}],"wp:attachment":[{"href":"https:\/\/ciaoup.it\/index.php?rest_route=%2Fwp%2Fv2%2Fmedia&parent=73734"}],"wp:term":[{"taxonomy":"category","embeddable":true,"href":"https:\/\/ciaoup.it\/index.php?rest_route=%2Fwp%2Fv2%2Fcategories&post=73734"},{"taxonomy":"post_tag","embeddable":true,"href":"https:\/\/ciaoup.it\/index.php?rest_route=%2Fwp%2Fv2%2Ftags&post=73734"}],"curies":[{"name":"wp","href":"https:\/\/api.w.org\/{rel}","templated":true}]}}