{"id":73726,"date":"2026-04-29T09:11:54","date_gmt":"2026-04-29T09:11:54","guid":{"rendered":"https:\/\/ciaoup.it\/?p=73726"},"modified":"2026-04-29T09:11:54","modified_gmt":"2026-04-29T09:11:54","slug":"casa-nasce-il-laboratorio-orizzonti-dellabitare-in-trentino","status":"publish","type":"post","link":"https:\/\/ciaoup.it\/?p=73726","title":{"rendered":"Casa, nasce il laboratorio &#8216;Orizzonti dell\u2019abitare in Trentino&#8217;"},"content":{"rendered":"<p> (Adnkronos) &#8211; La casa vista come priorit\u00e0 strategica per il futuro del Trentino e come terreno su cui costruire nuove risposte capaci di coniugare sostenibilit\u00e0, inclusione e attenzione alle specificit\u00e0 del territorio: questi gli obiettivi di \u201cOrizzonti dell\u2019abitare in Trentino\u201d, il laboratorio promosso dall\u2019Assessorato provinciale alle politiche per la casa presentato lo scorso 23 aprile, che muover\u00e0 i primi passi il 12 e il 13 maggio all\u2019interno di REbuild. Il progetto mira a definire un percorso partecipato per individuare nuovi modelli di risposta al bisogno abitativo e contribuire alla futura legge provinciale sulla casa. Il laboratorio segna un elemento di discontinuit\u00e0 rispetto ad altre esperienze: la scelta di impostare la nuova legge sulla casa attraverso un processo partecipativo strutturato, passando da un approccio normativo \u201ctop-down\u201d a un modello collaborativo, in cui il legislatore assume il ruolo di facilitatore di un ecosistema pi\u00f9 ampio di interessi ed esigenze.\u00a0<\/p>\n<p>La roadmap operativa prevede, dopo i confronti a REbuild, una fase di incontri sul territorio con raccolta di contributi e proposte, seguita da momenti di analisi e restituzione: in autunno \u00e8 in programma un evento pubblico di presentazione delle indicazioni emerse e la consegna alla Provincia, da parte di REbuild, di un quaderno di sintesi destinato a confluire nel processo legislativo, con una presentazione pubblica complessiva entro fine anno. Con \u201cOrizzonti dell\u2019abitare in Trentino\u201d, i promotori non intendono limitarsi alla raccolta di istanze e buone pratiche italiane ed europee, ma puntano ad attivare una piattaforma permanente di confronto e progettazione, in grado di accompagnare nel tempo l\u2019evoluzione delle politiche e dei modelli di intervento. L\u2019obiettivo \u00e8 contribuire alla definizione di politiche innovative per la casa, capaci di valicare i confini provinciali.\u00a0<\/p>\n<p>L\u2019iniziativa intercetta una trasformazione profonda delle politiche abitative locali, nazionali e continentali, dove l\u2019emergenza casa non \u00e8 pi\u00f9 gestibile attraverso misure o incentivi occasionali privi di una visione sistemica di lungo periodo.\u00a0<\/p>\n<p>\u00a0<\/p>\n<p>\u201cNegli ultimi anni sono stati messi in campo interventi importanti per rispondere all\u2019emergenza abitativa \u2013 ha spiegato l\u2019assessore provinciale alle politiche per la casa Simone Marchiori -. Oggi \u00e8 necessario compiere un passo ulteriore: trasformare queste azioni in politiche strutturali e sviluppare una visione capace di integrare le migliori esperienze, anche internazionali, adattandole alle specificit\u00e0 del nostro territorio avviando una fase proattiva di laboratorio. Questo percorso ci permette di integrare competenze tecniche, esperienze operative e conoscenza dei territori all\u2019interno del processo legislativo, rafforzando la qualit\u00e0 delle decisioni pubbliche\u201d.\u00a0<\/p>\n<p>Il confronto tra stakeholder ed esperti, a livello nazionale ed europeo, prender\u00e0 forma a REbuild, a Riva del Garda, nel corso di due giornate che si preannunciano centrali per il futuro dell\u2019abitare. \u201cSar\u00e0 un\u2019edizione interamente dedicata a questo tema strategico \u2013 sottolinea Alessandra Albarelli, Direttrice Generale di Riva del Garda Fierecongressi, organizzatore della manifestazione giunta alla sua dodicesima edizione \u2013 un vero e proprio spazio di elaborazione avanzata, dove architetti, imprese, istituzioni e operatori del settore si incontrano per interpretare e guidare le trasformazioni in atto. Con 22 sessioni di conferenze e circa 80 relatori, anche internazionali, REbuild si configura come una piattaforma autorevole di confronto sulle grandi sfide della casa, con l\u2019ambizione non solo di analizzare scenari, ma di costruire risposte concrete, condivise e durature \u201d.\u00a0<\/p>\n<p>\u00a0<\/p>\n<p>In un contesto di crescente pressione sul sistema abitativo \u2013 tra aumento dei prezzi, disallineamento tra redditi e costi, nuove dinamiche demografiche e trasformazioni della domanda \u2013 il professor Ezio Micelli, unico membro italiano dell\u2019Eu Housing Advisory Board e Presidente del comitato scientifico di REbuild, ha evidenziato come la questione casa abbia ormai una dimensione europea. L\u2019emergenza, ha spiegato, \u201cnon pu\u00f2 essere affrontata solo attraverso nuove costruzioni, ma richiede il recupero del patrimonio esistente e un adattamento alle mutate esigenze della popolazione, anche alla luce dei flussi interni che ridisegnano la distribuzione territoriale della domanda e svuotano le aree meno attrattive. Le criticit\u00e0 del sistema abitativo impongono inoltre un approccio sistemico capace di integrare politiche, regole, finanza e sviluppo immobiliare, rafforzando la collaborazione tra pubblico e privato\u201d.\u00a0<\/p>\n<p>In questo quadro, l\u2019\u201calleanza per la casa\u201d tra Provincia autonoma di Trento e REbuild si configura come un\u2019iniziativa volta a rafforzare la capacit\u00e0 del territorio di affrontare in modo strutturale e innovativo le sfide abitative, attraverso un modello di governance collaborativa fondato su partecipazione, integrazione delle competenze e visione di lungo periodo.\u00a0<\/p>\n<p>Il percorso mira non solo a incidere sulla futura normativa provinciale, ma anche a generare conoscenza, strumenti e pratiche replicabili, contribuendo al dibattito nazionale ed europeo e consolidando il ruolo del Trentino come laboratorio di sperimentazione nelle politiche per l\u2019abitare\u00a0<\/p>\n<p>&#8212;<\/p>\n<p>economia<\/p>\n<p>webinfo@adnkronos.com (Web Info)<\/p>\n<div style=\"display:flex; gap:10px;justify-content:center\" class=\"wps-pgfw-pdf-generate-icon__wrapper-frontend\">\n\t\t<a  href=\"https:\/\/ciaoup.it?action=genpdf&amp;id=73726\" class=\"pgfw-single-pdf-download-button\" ><img src=\"https:\/\/ciaoup.it\/wp-content\/plugins\/pdf-generator-for-wp\/admin\/src\/images\/PDF_Tray.svg\" title=\"Generate PDF\" style=\"width:auto; height:45px;\"><\/a>\n\t\t<\/div>","protected":false},"excerpt":{"rendered":"<p>(Adnkronos) &#8211; La casa vista come priorit\u00e0 strategica per il futuro del Trentino e come&hellip;<\/p>\n","protected":false},"author":3,"featured_media":73727,"comment_status":"open","ping_status":"closed","sticky":false,"template":"","format":"standard","meta":{"footnotes":""},"categories":[12],"tags":[3],"class_list":["post-73726","post","type-post","status-publish","format-standard","has-post-thumbnail","hentry","category-comunicati","tag-ultimora"],"_links":{"self":[{"href":"https:\/\/ciaoup.it\/index.php?rest_route=\/wp\/v2\/posts\/73726","targetHints":{"allow":["GET"]}}],"collection":[{"href":"https:\/\/ciaoup.it\/index.php?rest_route=\/wp\/v2\/posts"}],"about":[{"href":"https:\/\/ciaoup.it\/index.php?rest_route=\/wp\/v2\/types\/post"}],"author":[{"embeddable":true,"href":"https:\/\/ciaoup.it\/index.php?rest_route=\/wp\/v2\/users\/3"}],"replies":[{"embeddable":true,"href":"https:\/\/ciaoup.it\/index.php?rest_route=%2Fwp%2Fv2%2Fcomments&post=73726"}],"version-history":[{"count":1,"href":"https:\/\/ciaoup.it\/index.php?rest_route=\/wp\/v2\/posts\/73726\/revisions"}],"predecessor-version":[{"id":73771,"href":"https:\/\/ciaoup.it\/index.php?rest_route=\/wp\/v2\/posts\/73726\/revisions\/73771"}],"wp:featuredmedia":[{"embeddable":true,"href":"https:\/\/ciaoup.it\/index.php?rest_route=\/wp\/v2\/media\/73727"}],"wp:attachment":[{"href":"https:\/\/ciaoup.it\/index.php?rest_route=%2Fwp%2Fv2%2Fmedia&parent=73726"}],"wp:term":[{"taxonomy":"category","embeddable":true,"href":"https:\/\/ciaoup.it\/index.php?rest_route=%2Fwp%2Fv2%2Fcategories&post=73726"},{"taxonomy":"post_tag","embeddable":true,"href":"https:\/\/ciaoup.it\/index.php?rest_route=%2Fwp%2Fv2%2Ftags&post=73726"}],"curies":[{"name":"wp","href":"https:\/\/api.w.org\/{rel}","templated":true}]}}