{"id":73678,"date":"2026-04-29T01:02:00","date_gmt":"2026-04-29T01:02:00","guid":{"rendered":"https:\/\/ciaoup.it\/?p=73678"},"modified":"2026-04-29T01:02:00","modified_gmt":"2026-04-29T01:02:00","slug":"energia-verso-proroga-piu-breve-per-taglio-accise-meloni-ue-sia-coraggiosa","status":"publish","type":"post","link":"https:\/\/ciaoup.it\/?p=73678","title":{"rendered":"Energia, verso proroga pi\u00f9 breve per taglio accise. Meloni: &#8220;Ue sia coraggiosa&#8221;"},"content":{"rendered":"<p> (Adnkronos) &#8211; \u201cRealismo\u201d da un lato, quello richiamato dal ministro dell\u2019Economia Giancarlo Giorgetti in Commissione durante le audizioni sul Documento di finanza pubblica; \u201ccoraggio\u201d dall\u2019altro, quello che la premier Giorgia Meloni invoca dall\u2019Europa prima che la crisi energetica innescata dalla guerra in Iran entri nella sua fase pi\u00f9 \u201cacuta\u201d. \u00c8 lungo questo doppio binario che si muove l\u2019azione del governo. Al termine del Consiglio dei ministri che ha dato il via libera al decreto sul \u201csalario giusto\u201d &#8211; circa un miliardo destinato ad aumentare le retribuzioni pi\u00f9 basse &#8211; la presidente del Consiglio si presenta a sorpresa in conferenza stampa. Tra i temi affrontati, anche la tenuta dei conti pubblici, mentre la maggioranza lavora alla relazione sul Dfp: un testo chiamato a tenere insieme le diverse sensibilit\u00e0 del centrodestra, in un confronto definito \u201cfisiologico e utile\u201d dalla stessa Meloni. Sullo sfondo, prosegue il lavoro dell\u2019esecutivo per prorogare il taglio delle accise in scadenza il primo maggio.\u00a0<\/p>\n<p>Nel dibattito interno alla coalizione, la Lega &#8211; per voce del responsabile economico Alberto Bagnai &#8211; insiste sulla deroga al Patto di Stabilit\u00e0, \u201cuna necessit\u00e0 dettata dai fatti\u201d, sottolineando come i dati storici dimostrino che \u201cil Patto non ha funzionato\u201d. Forza Italia invece dice no: &#8220;Nessuna sospensione del Patto, a rimetterci sarebbero famiglie e imprese&#8221;. La premier chiarisce che la proposta italiana non punta a una sospensione generalizzata delle regole europee; tuttavia, sottolinea che un\u2019ipotesi del genere \u201cnon dovrebbe assolutamente essere esclusa\u201d.  L\u2019obiettivo dell\u2019esecutivo resta quello di ottenere margini di flessibilit\u00e0 per le spese in settori strategici &#8211; difesa, sicurezza ed energia. &#8220;La richiesta della Lega \u00e8 semplice e fattibile&#8221;, twitta il vicepremier e leader del Carroccio Matteo Salvini: &#8220;Poter spendere per aiutare cittadini, famiglie e imprese italiane in difficolt\u00e0 quello che oggi l&#8217;Europa ci permetterebbe di spendere per armi e difesa\u201d. \u00a0<\/p>\n<p>Rispondendo a chi ipotizza uno scostamento di bilancio per fronteggiare l\u2019emergenza energetica, Meloni non toglie dal tavolo la possibilit\u00e0 di utilizzare una parte delle risorse destinate alla difesa per mitigare l&#8217;aumento dei prezzi dell&#8217;energia: \u201cMolto di quello che faremo noi dipende da come evolve il dibattito europeo. Penso che non dobbiamo escludere nessuna opzione ma credo che dobbiamo anche ricordarci che l&#8217;anno scorso il Parlamento aveva gi\u00e0 autorizzato il governo alla possibilit\u00e0 di una flessibilit\u00e0 sui conti per quanto riguarda le spese di difesa e sicurezza pari allo 0,15 per cento del Pil, vuol dire 3,7 miliardi. Se oggi mi chiedete che cosa siano le spese di difesa e sicurezza, il tema energetico ci sta dentro\u201d. Accanto a questa linea, la premier segnala anche che \u201cc&#8217;\u00e8 anche il margine di lavorare &#8211; una delle altre opzioni che noi stiamo considerando &#8211; su quello che \u00e8 gi\u00e0 stato autorizzato dal Parlamento, allargando per\u00f2 la platea, modificando almeno in parte quali sono le priorit\u00e0 alle quali ci si rivolge con quei provvedimenti\u201d.\u00a0<\/p>\n<p>Rivendicando la necessit\u00e0 di scelte selettive, Meloni chiarisce: \u201cSenza venir meno alle mie responsabilit\u00e0 sul tema della difesa e sulla necessit\u00e0 di fare passi avanti per rafforzare le relative spese, oggi devo dare priorit\u00e0 a ci\u00f2 che accade sul piano economico. Perch\u00e9 se non ho pi\u00f9 una nazione, non ha neanche senso difenderla: prima la devo mettere in sicurezza, poi la difendo anche su un altro livello\u201d. E aggiunge: \u201cCercheremo di far quadrare i conti. Forse non faremo tutto quello che avremmo voluto o dovuto fare, ma lavoreremo sulle priorit\u00e0. Per me le spese per la difesa rimangono una priorit\u00e0 assoluta, ma nell&#8217;attuale contesto di crisi internazionale devo considerare prioritaria anche la necessit\u00e0 di calmierare i prezzi dell&#8217;energia e impedire che l&#8217;inflazione comprometta la crescita e il prodotto interno lordo\u201d.\u00a0<\/p>\n<p>Sul fronte internazionale, la presidente del Consiglio respinge l\u2019idea che una revisione delle spese per la difesa possa incrinare i rapporti con il presidente americano Donald Trump: \u201cNon credo di dovermi giustificare per quello che faccio a difesa dell&#8217;interesse nazionale italiano. Non ho cambiato idea sul tema delle spese per la difesa: considero, soprattutto nello scenario che abbiamo davanti, che il tema dell&#8217;autosufficienza nella capacit\u00e0 di difendersi non sia secondario\u201d. E ancora: \u201cMe ne assumo la responsabilit\u00e0, perch\u00e9 so che \u00e8 un tema che non ha grandissima popolarit\u00e0. Per\u00f2 penso che le persone responsabili debbano fare ci\u00f2 che \u00e8 giusto, non solo ci\u00f2 che \u00e8 immediatamente popolare\u201d.\u00a0<\/p>\n<p>Quanto alle accise, Meloni conferma che il governo sta valutando una nuova proroga, probabilmente pi\u00f9 breve rispetto alle precedenti. \u201cNon abbiamo ancora definito con precisione la durata della proroga &#8211; ha evidenziato Meloni &#8211; ma stiamo anche valutando di non intervenire in modo orizzontale. L&#8217;aumento del gasolio, infatti, \u00e8 stato molto pi\u00f9 significativo rispetto a quello della benzina: mediamente circa +24% per il gasolio contro circa +6% per la benzina. Quindi potrebbe trattarsi di un intervento che incide maggiormente sul prezzo del gasolio rispetto a quello della benzina, per cercare di ottenere un effetto pi\u00f9 equilibrato\u201d. Tra le ipotesi allo studio c\u2019\u00e8 una proroga di circa 15 giorni, da varare probabilmente nel Cdm in programma gioved\u00ec, dove \u00e8 atteso anche il Piano casa.\u00a0<\/p>\n<p>&#8212;<\/p>\n<p>politica<\/p>\n<p>webinfo@adnkronos.com (Web Info)<\/p>\n<div style=\"display:flex; gap:10px;justify-content:center\" class=\"wps-pgfw-pdf-generate-icon__wrapper-frontend\">\n\t\t<a  href=\"https:\/\/ciaoup.it?action=genpdf&amp;id=73678\" class=\"pgfw-single-pdf-download-button\" ><img src=\"https:\/\/ciaoup.it\/wp-content\/plugins\/pdf-generator-for-wp\/admin\/src\/images\/PDF_Tray.svg\" title=\"Generate PDF\" style=\"width:auto; height:45px;\"><\/a>\n\t\t<\/div>","protected":false},"excerpt":{"rendered":"<p>(Adnkronos) &#8211; \u201cRealismo\u201d da un lato, quello richiamato dal ministro dell\u2019Economia Giancarlo Giorgetti in Commissione&hellip;<\/p>\n","protected":false},"author":3,"featured_media":73679,"comment_status":"open","ping_status":"closed","sticky":false,"template":"","format":"standard","meta":{"footnotes":""},"categories":[12],"tags":[3],"class_list":["post-73678","post","type-post","status-publish","format-standard","has-post-thumbnail","hentry","category-comunicati","tag-ultimora"],"_links":{"self":[{"href":"https:\/\/ciaoup.it\/index.php?rest_route=\/wp\/v2\/posts\/73678","targetHints":{"allow":["GET"]}}],"collection":[{"href":"https:\/\/ciaoup.it\/index.php?rest_route=\/wp\/v2\/posts"}],"about":[{"href":"https:\/\/ciaoup.it\/index.php?rest_route=\/wp\/v2\/types\/post"}],"author":[{"embeddable":true,"href":"https:\/\/ciaoup.it\/index.php?rest_route=\/wp\/v2\/users\/3"}],"replies":[{"embeddable":true,"href":"https:\/\/ciaoup.it\/index.php?rest_route=%2Fwp%2Fv2%2Fcomments&post=73678"}],"version-history":[{"count":1,"href":"https:\/\/ciaoup.it\/index.php?rest_route=\/wp\/v2\/posts\/73678\/revisions"}],"predecessor-version":[{"id":73686,"href":"https:\/\/ciaoup.it\/index.php?rest_route=\/wp\/v2\/posts\/73678\/revisions\/73686"}],"wp:featuredmedia":[{"embeddable":true,"href":"https:\/\/ciaoup.it\/index.php?rest_route=\/wp\/v2\/media\/73679"}],"wp:attachment":[{"href":"https:\/\/ciaoup.it\/index.php?rest_route=%2Fwp%2Fv2%2Fmedia&parent=73678"}],"wp:term":[{"taxonomy":"category","embeddable":true,"href":"https:\/\/ciaoup.it\/index.php?rest_route=%2Fwp%2Fv2%2Fcategories&post=73678"},{"taxonomy":"post_tag","embeddable":true,"href":"https:\/\/ciaoup.it\/index.php?rest_route=%2Fwp%2Fv2%2Ftags&post=73678"}],"curies":[{"name":"wp","href":"https:\/\/api.w.org\/{rel}","templated":true}]}}