{"id":73539,"date":"2026-04-28T15:10:33","date_gmt":"2026-04-28T15:10:33","guid":{"rendered":"https:\/\/ciaoup.it\/?p=73539"},"modified":"2026-04-28T15:10:33","modified_gmt":"2026-04-28T15:10:33","slug":"orlandi-gregori-commissione-approva-una-prima-relazione-ed-esclude-pista-ragazze-scomparse","status":"publish","type":"post","link":"https:\/\/ciaoup.it\/?p=73539","title":{"rendered":"Orlandi-Gregori, Commissione approva una prima relazione ed esclude pista &#8220;ragazze scomparse&#8221;"},"content":{"rendered":"<p> (Adnkronos) &#8211;<br \/>\nVia libera all&#8217;unanimit\u00e0 dalla Commissione parlamentare di inchiesta sulla scomparsa di Emanuela Orlandi e di Mirella Gregori, presieduta dal senatore Andrea De Priamo, alla relazione &#8220;Emanuela Orlandi, Mirella Gregori e la pista delle ragazze scomparse&#8221;. Si tratta di una prima relazione tematica che sostanzialmente &#8216;scarta&#8217; questa pista legata a una &#8220;presunta criminosa regia- ha ricordato De Priamo durante la seduta dell&#8217;organismo parlamentare &#8211; che riconduceva alla scomparsa di Emanuela Orlandi e di Mirella Gregori anche quella di altri numerosi mancati ritorni a casa di adolescenti di Roma e della provincia di Roma dall&#8217;81 all&#8217;83&#8221;.\u00a0<\/p>\n<p>&#8220;La Commissione proseguir\u00e0 il lavoro su tutte le altre piste, molte delle quali sono gi\u00e0 state oggetto di approfondimenti&#8221;, ha detto  De Priamo. La relazione tematica \u00e8 motivata dal fatto che &#8220;c&#8217;\u00e8 un lavoro oggettivo e un riscontro chiaro e ineluttabile quindi siamo nella condizione di poter dire una parola finale su questa pista&#8221;. &#8220;Mi permetto di dire che, in alcuni casi come ad esempio la cosiddetta &#8216;pista di Londra&#8217; siamo a mio avviso in grado di poter dire che Emanuela non \u00e8 mai stata tenuta a Londra in un luogo religioso e che quelle mail a Pietro Orlandi probabilmente erano frutto di un inganno&#8221;, ha continuato De Priamo spiegando che la Commissione tuttavia non ha elaborato una relazione tematica sulla pista di Londra &#8220;perch\u00e9 effettivamente c&#8217;\u00e8 ancora da approfondire&#8221; la questione dei cinque fogli.\u00a0<\/p>\n<p>\u00a0<\/p>\n<p>\u201cEra comprensibile, questa pista ci avrebbe portato indietro di 42 anni perch\u00e9 quella della tratta delle bianche \u00e8 stata la prima presa in considerazione\u201d, dice  all\u2019Adnkronos Pietro Orlandi, fratello di Emanuela, che alla pista delle \u2018ragazze scomparse\u2019 non ha mai creduto: \u201cNo, non posso credere che Emanuela sia finita in un giro di prostituzione, portata all\u2019estero e basta. E tutto il resto? L\u2019atteggiamento del Vaticano? Non ha senso\u201d. \u201cIo non escludo che ci siano scomparse legate, purtroppo, al giro di prostituzione internazionale ma cio\u2019 non riguarda questa vicenda &#8211; sottolinea- Io ho sempre ritenuto che quello di Emanuela sia stato un rapimento preparato nel tempo con un ricattatore e un ricattato. Sono convinto sia stata presa per uno scopo: per ricattare qualcuno ma il movente e i motivi del ricatto ovviamente ancora non si sanno\u201d. \u201cIniziare a scartare alcune piste \u00e8 positivo come atteggiamento della Commissione &#8211; conclude- Io mi auguro che la prossima pista che possa scartare e\u2019 quella cosiddetta parentale: spero venga esclusa il prima possibile perch\u00e9 e\u2019 stata indagata a fondo 42 anni fa. E non lo dico per difendere un parente, ma per difendere la verit\u00e0 e per non perdere tempo\u201d.\u00a0<\/p>\n<p>\u00a0<\/p>\n<p>&#8212;<\/p>\n<p>cronaca<\/p>\n<p>webinfo@adnkronos.com (Web Info)<\/p>\n<div style=\"display:flex; gap:10px;justify-content:center\" class=\"wps-pgfw-pdf-generate-icon__wrapper-frontend\">\n\t\t<a  href=\"https:\/\/ciaoup.it?action=genpdf&amp;id=73539\" class=\"pgfw-single-pdf-download-button\" ><img src=\"https:\/\/ciaoup.it\/wp-content\/plugins\/pdf-generator-for-wp\/admin\/src\/images\/PDF_Tray.svg\" title=\"Generate PDF\" style=\"width:auto; height:45px;\"><\/a>\n\t\t<\/div>","protected":false},"excerpt":{"rendered":"<p>(Adnkronos) &#8211; Via libera all&#8217;unanimit\u00e0 dalla Commissione parlamentare di inchiesta sulla scomparsa di Emanuela Orlandi&hellip;<\/p>\n","protected":false},"author":3,"featured_media":73540,"comment_status":"open","ping_status":"closed","sticky":false,"template":"","format":"standard","meta":{"footnotes":""},"categories":[12],"tags":[3],"class_list":["post-73539","post","type-post","status-publish","format-standard","has-post-thumbnail","hentry","category-comunicati","tag-ultimora"],"_links":{"self":[{"href":"https:\/\/ciaoup.it\/index.php?rest_route=\/wp\/v2\/posts\/73539","targetHints":{"allow":["GET"]}}],"collection":[{"href":"https:\/\/ciaoup.it\/index.php?rest_route=\/wp\/v2\/posts"}],"about":[{"href":"https:\/\/ciaoup.it\/index.php?rest_route=\/wp\/v2\/types\/post"}],"author":[{"embeddable":true,"href":"https:\/\/ciaoup.it\/index.php?rest_route=\/wp\/v2\/users\/3"}],"replies":[{"embeddable":true,"href":"https:\/\/ciaoup.it\/index.php?rest_route=%2Fwp%2Fv2%2Fcomments&post=73539"}],"version-history":[{"count":1,"href":"https:\/\/ciaoup.it\/index.php?rest_route=\/wp\/v2\/posts\/73539\/revisions"}],"predecessor-version":[{"id":73576,"href":"https:\/\/ciaoup.it\/index.php?rest_route=\/wp\/v2\/posts\/73539\/revisions\/73576"}],"wp:featuredmedia":[{"embeddable":true,"href":"https:\/\/ciaoup.it\/index.php?rest_route=\/wp\/v2\/media\/73540"}],"wp:attachment":[{"href":"https:\/\/ciaoup.it\/index.php?rest_route=%2Fwp%2Fv2%2Fmedia&parent=73539"}],"wp:term":[{"taxonomy":"category","embeddable":true,"href":"https:\/\/ciaoup.it\/index.php?rest_route=%2Fwp%2Fv2%2Fcategories&post=73539"},{"taxonomy":"post_tag","embeddable":true,"href":"https:\/\/ciaoup.it\/index.php?rest_route=%2Fwp%2Fv2%2Ftags&post=73539"}],"curies":[{"name":"wp","href":"https:\/\/api.w.org\/{rel}","templated":true}]}}