{"id":73531,"date":"2026-04-28T14:28:49","date_gmt":"2026-04-28T14:28:49","guid":{"rendered":"https:\/\/ciaoup.it\/?p=73531"},"modified":"2026-04-28T14:28:49","modified_gmt":"2026-04-28T14:28:49","slug":"segre-valanga-di-odio-sempre-piu-vasta-a-96-anni-mi-scrivono-ancora-perche-non-muori","status":"publish","type":"post","link":"https:\/\/ciaoup.it\/?p=73531","title":{"rendered":"Segre: &#8220;Valanga di odio sempre pi\u00f9 vasta, a 96 anni mi scrivono ancora \u2018perch\u00e9 non muori?\u2019&#8221;"},"content":{"rendered":"<p> (Adnkronos) &#8211; Un \u201cmondo dell\u2019odio talmente vasto, sempre pi\u00f9 vasto\u201d, una \u201cvalanga d\u2019odio\u201d, che \u201cnonostante io abbia la scorta da anni e abbia 96 anni, trascina persone a mandarmi messaggi con scritto \u2018perch\u00e9 non muori?\u2019\u201d. E&#8217; l&#8217;amara constatazione della senatrice a vita Liliana Segre. La senatrice a vita sopravvissuta all\u2019Olocausto ha ricordato di quando da bambina \u201cavevo mania di correre nei corridoi e andare a rispondere al telefono a muro. Finch\u00e9 venne la campagna razziale nel \u201838 e mio padre mi disse di non rispondere pi\u00f9 al telefono. Di solito obbedivo ma qualche volta no: rispondevo e spesso quello dall\u2019altra parte non era bambino, ma un uomo o una donna, che dicevano \u2018perch\u00e9 non muori?\u2019. Mai mi sarei aspettata, dopo tutto quello che c\u2019\u00e8 stato, a quasi 96 anni, di ricevere ancora tali minacce\u201d. Quindi la domanda al ministro Piantedosi, definito \u201cun amico che mi fa molto piacere\u201d: \u201cSar\u00e0 da curare?\u201d chi la minaccia di morte online. \u00a0<\/p>\n<p>Quanto all&#8217;episodio di intolleranza verso la Brigata ebraica al corteo del 25 aprile a Milano in cui sfilava anche il figlio Luciano Belli Paci, Segre ammette che \u201cda madre ero molto preoccupata\u201d. \u201cEro molto preoccupata anche da figlia\u201d, ha aggiunto la senatrice sopravvissuta all\u2019Olocausto. \u00a0<\/p>\n<p>Sull&#8217;episodio \u00e8 stata espressa la \u201ccondanna pi\u00f9 netta e assoluta\u201d  e \u201cuna rinnovata solidariet\u00e0 a chiunque abbia subito quell\u2019atto vile\u201d dal ministro dell\u2019Interno Matteo Piantedosi. Mentre l\u2019ex parlamentare Pd e presidente di Sinistra per Israele, Emanuele Fiano, presente al convegno, sottolineando che \u201csentirsi cacciati da una manifestazione che difende la libert\u00e0 &#8211; ve lo assicuro io &#8211; non \u00e8 una bella sensazione, \u00e8 una ferita amara, che insieme bisogna risolvere, ma bisogna risolverla non pensando che ci sia la colpa da una parte e dall&#8217;altra\u201d. Secondo Fiano  \u201cla folla dell&#8217;altro giorno ci deve preoccupare perch\u00e9 vuol dire che c&#8217;\u00e8 un odio molto diffuso e che oggi bisogna stare attenti a fenomeni di massa\u201d.  Tuttavia, ha sottolineato Fiano, \u201cpenso che questa accusa di antisemitismo all&#8217;Anpi sia sbagliata, penso che invece serva dialogo\u201d. \u00a0<\/p>\n<p>\u201cAvrei delle critiche da fare sull&#8217;organizzazione del corteo. L&#8217;Anpi ha mosso una critica alla Brigata ebraica per essersi arrogata il diritto di stare in testa al corteo, ma invece la scelta legittima e motivata sicuramente da un problema di ordine pubblico di mettere la Brigata ebraica in quel posto \u00e8 stata delle forze dell&#8217;ordine e a loro va chiesto il perch\u00e9\u201d, ha detto Fiano, ricostruendo che \u201cdall\u2019aver accusato la Brigata ebraica di arroganza istituzionale o di aver infranto i patti \u00e8 nata una reazione uguale contraria, che non condivido. Non condivido neanche la critica che \u00e8 stata fatta alla Brigata ebraica e bisogna fermarsi e parlare, perch\u00e9 il 25 aprile \u00e8 la festa della Liberazione e la Brigata ebraica ne \u00e8 un elemento. Non credo che tutti quelli che hanno inveito contro la guida ebraica urlando cose molto o poco commendevoli sappiano esattamente la loro storia. Per quello \u00e8 giusto, ma questo lo dice anche l&#8217;Anpi, che la Brigata ebraica sfili al corteo\u201d.\u00a0<\/p>\n<p>Dopodich\u00e9, ha aggiunto, \u201cle regole comuni andrebbero riviste e io personalmente mi far\u00f2 parte dirigente perch\u00e9 la prossima volta ci sia un discorso comune su cosa si pu\u00f2 e cosa non si pu\u00f2 fare in manifestazione per impedire che qualcuno ritenga che qualcosa \u00e8 una provocazione, ma non si pu\u00f2 certo comunque accettare che una minoranza del corteo decida chi pu\u00f2 stare dentro il corteo o chi non pu\u00f2 stare, questo vuol dire calpestare la Costituzione. Si pu\u00f2 discutere su come ti presenti, su quali bandiere ci sono quali o non ci sono, se ci sono delle fotografie o non ci sono, si pu\u00f2 discutere di tutto e io sono pronto a farlo, ma bisogna stare molto attenti a non produrre ferite\u201d.\u00a0<\/p>\n<p>\u00a0<\/p>\n<p>&#8212;<\/p>\n<p>cronaca<\/p>\n<p>webinfo@adnkronos.com (Web Info)<\/p>\n<div style=\"display:flex; gap:10px;justify-content:center\" class=\"wps-pgfw-pdf-generate-icon__wrapper-frontend\">\n\t\t<a  href=\"https:\/\/ciaoup.it?action=genpdf&amp;id=73531\" class=\"pgfw-single-pdf-download-button\" ><img src=\"https:\/\/ciaoup.it\/wp-content\/plugins\/pdf-generator-for-wp\/admin\/src\/images\/PDF_Tray.svg\" title=\"Generate PDF\" style=\"width:auto; height:45px;\"><\/a>\n\t\t<\/div>","protected":false},"excerpt":{"rendered":"<p>(Adnkronos) &#8211; Un \u201cmondo dell\u2019odio talmente vasto, sempre pi\u00f9 vasto\u201d, una \u201cvalanga d\u2019odio\u201d, che \u201cnonostante&hellip;<\/p>\n","protected":false},"author":3,"featured_media":73532,"comment_status":"open","ping_status":"closed","sticky":false,"template":"","format":"standard","meta":{"footnotes":""},"categories":[12],"tags":[3],"class_list":["post-73531","post","type-post","status-publish","format-standard","has-post-thumbnail","hentry","category-comunicati","tag-ultimora"],"_links":{"self":[{"href":"https:\/\/ciaoup.it\/index.php?rest_route=\/wp\/v2\/posts\/73531","targetHints":{"allow":["GET"]}}],"collection":[{"href":"https:\/\/ciaoup.it\/index.php?rest_route=\/wp\/v2\/posts"}],"about":[{"href":"https:\/\/ciaoup.it\/index.php?rest_route=\/wp\/v2\/types\/post"}],"author":[{"embeddable":true,"href":"https:\/\/ciaoup.it\/index.php?rest_route=\/wp\/v2\/users\/3"}],"replies":[{"embeddable":true,"href":"https:\/\/ciaoup.it\/index.php?rest_route=%2Fwp%2Fv2%2Fcomments&post=73531"}],"version-history":[{"count":1,"href":"https:\/\/ciaoup.it\/index.php?rest_route=\/wp\/v2\/posts\/73531\/revisions"}],"predecessor-version":[{"id":73554,"href":"https:\/\/ciaoup.it\/index.php?rest_route=\/wp\/v2\/posts\/73531\/revisions\/73554"}],"wp:featuredmedia":[{"embeddable":true,"href":"https:\/\/ciaoup.it\/index.php?rest_route=\/wp\/v2\/media\/73532"}],"wp:attachment":[{"href":"https:\/\/ciaoup.it\/index.php?rest_route=%2Fwp%2Fv2%2Fmedia&parent=73531"}],"wp:term":[{"taxonomy":"category","embeddable":true,"href":"https:\/\/ciaoup.it\/index.php?rest_route=%2Fwp%2Fv2%2Fcategories&post=73531"},{"taxonomy":"post_tag","embeddable":true,"href":"https:\/\/ciaoup.it\/index.php?rest_route=%2Fwp%2Fv2%2Ftags&post=73531"}],"curies":[{"name":"wp","href":"https:\/\/api.w.org\/{rel}","templated":true}]}}