{"id":73525,"date":"2026-04-28T14:34:31","date_gmt":"2026-04-28T14:34:31","guid":{"rendered":"https:\/\/ciaoup.it\/?p=73525"},"modified":"2026-04-28T14:34:31","modified_gmt":"2026-04-28T14:34:31","slug":"inchiesta-arbitri-legale-rocchi-potrebbe-non-presentarsi-a-interrogatorio-bufera-su-inter-roma","status":"publish","type":"post","link":"https:\/\/ciaoup.it\/?p=73525","title":{"rendered":"Inchiesta arbitri, legale Rocchi: &#8220;Potrebbe non presentarsi a interrogatorio&#8221;. Bufera su Inter-Roma"},"content":{"rendered":"<p> (Adnkronos) &#8211; L&#8217;inchiesta arbitri che sta scuotendo la Serie A \u00e8 a un bivio. Gioved\u00ec 30 aprile \u00e8 previsto l&#8217;interrogatorio dell&#8217;ex designatore Gianluca Rocchi, autosospesosi dall&#8217;incarico dopo aver ricevuto un avviso di garanzia dalla Procura di Milano, che l&#8217;ha iscritto al registro degli indagati, insieme al supervisore Var Andrea Gervasoni e altri esponenti del mondo arbitrale, per concorso in frode sportiva. Ma non \u00e8 certo che Rocchi si presenter\u00e0 davanti ai pm, mentre scoppia una nuova bufera riguardo il mancato rigore concesso all&#8217;Inter durante la sfida con la Roma della scorsa stagione.\u00a0<\/p>\n<p>L&#8217;accusa \u00e8 di aver fatto pressioni dirette su alcuni arbitri a Lissone, impegnati in sala Var, e di aver designato direttori di gara &#8220;graditi all&#8217;Inter&#8221;. Sul tavolo ci sono alcune partite della stagione 2024\/25, ma l&#8217;elenco \u00e8 destinato ad allungarsi cos\u00ec come gli indagati, tra cui per\u00f2 non figurano al momento n\u00e9 l&#8217;Inter n\u00e9 dirigenti nerazzurri.\u00a0<\/p>\n<p>\u00a0<\/p>\n<p>\nGianluca Rocchi potrebbe non presentarsi all&#8217;interrogatorio di gioved\u00ec. A confermarlo \u00e8 stato l&#8217;avvocato Antonio D&#8217;Avirro, legale dell&#8217;ormai ex designatore: &#8220;Decidiamo domani se andare dal pm, non presentarsi resta un&#8217;ipotesi valida&#8221;, ha rivelato a Radio CRC, &#8220;concorso? Siamo nell\u2019oscurit\u00e0 degli elementi. Contestazione di frode pesante, Rocchi molto colpito. Caso Paterna? \u00c8 stata rispettata la lealt\u00e0 sportiva: rigore solare&#8221;, ha detto in riferimento al contestato episodio di Udinese-Parma, quando secondo l&#8217;accusa Rocchi avrebbe fatto pressioni sulla sala Var.\u00a0<\/p>\n<p>&#8220;Domani decideremo come rispondere all&#8217;invito a comparire per il 30 aprile: se andare oppure avvalerci della facolt\u00e0 di non rispondere&#8221;, ha ribadito D&#8217;Avirro, &#8220;non conosciamo i dettagli dell&#8217;accusa di concorso in frode sportiva, siamo in una situazione di oscurit\u00e0 totale. Gli elementi di accusa li ignoriamo, non ci sono noti, ecco perch\u00e9 stiamo valutando che iniziativa prendere. Non presentarsi pu\u00f2 essere un&#8217;ipotesi valida, devo confrontarmi oggi con il cliente e domani prenderemo una decisione e rilasceremo un comunicato. Quando vedr\u00f2 gli atti, sapr\u00f2 rendermi conto di come sono andate le cose. Non faccio ipotesi, aspetto che mi vengano depositati gli atti e poi difender\u00f2 il mio cliente&#8221;.&#8221;.\u00a0<\/p>\n<p>&#8220;Come sta Rocchi? Bene non sta, si trova coinvolto in una tempesta. Nonostante sia una persona forte e capace, la contestazione di frode sportiva \u00e8 pesante e quindi lui \u00e8 molto colpito, ha detto il legale, &#8220;sul caso Paterna, il tema non \u00e8 tanto se sia stato Rocchi o meno, ma se effettivamente si concretizzi la circostanza di frode sportiva&#8221;. \u00a0<\/p>\n<p>&#8220;Chi \u00e8 intervenuto ha corretto un errore in cui stava si incorrendo, perch\u00e9 \u00e8 pacifico che quello fosse rigore: quindi colui che \u00e8 intervenuto, anzich\u00e9 alterare il risultato della gara, che \u00e8 la finalit\u00e0 che caratterizza il reato di frode sportiva, ha evitato che il risultato della gara venisse alterato, ha corretto un errore. \u00c8 stata rispettata la lealt\u00e0 sportiva, perch\u00e9 \u00e8 chiaro che fosse un rigore clamoroso e plateale. Chi \u00e8 intervenuto ha evitato che la gara venisse alterata&#8221;, ha concluso D&#8217;Avirra.\u00a0<\/p>\n<p>\u00a0<\/p>\n<p>Intanto arrivano nuove accuse. I riflettori si sono infatti accesi su uno degli episodi pi\u00f9 contestati dello scorso campionato: il mancato rigore concesso all&#8217;Inter nella sfida contro la Roma nonostante un&#8217;evidente trattenuta di Ndicka su Bisseck. Anche se al momento il match di San Siro non fa parte delle partite citate nell&#8217;inchiesta, Repubblica riporta una testimonianza su un presunto dialogo &#8216;sospetto&#8217; in sala Var.\u00a0<\/p>\n<p>Durante il check del Var sul contatto Ndicka-Bisseck infatti, il Var Di Bello avrebbe risposto &#8220;fatti i fatti tuoi&#8221; all&#8217;assistente Var Marco Piccinini, che indicava l&#8217;evidente fallo sul difensore nerazzurro. Il tutto, secondo la testimonianza, sarebbe avvenuto su indicazione diretta del supervisore Andrea Gervasoni, anche lui indagato e autosospesosi.\u00a0<\/p>\n<p>\u00a0<\/p>\n<p>Al centro dell&#8217;inchiesta, che in molti hanno gi\u00e0 definito una &#8220;nuova Calciopoli&#8221;, ci sono al momento soltanto esponenti del mondo arbitrale. Il primo a ricevere avviso di garanzia \u00e8 stato, come detto, il designatore Gianluca Rocchi, che ha poi deciso di autosospendersi dal suo incarico, seguito dal supervisore Var, anch&#8217;egli autosospesosi, Andrea Gervasoni.\u00a0<\/p>\n<p>A loro si sono aggiunti l&#8217;assistente Daniele Paterna, al centro della bufera per un rigore prima negato e poi concesso, secondo l&#8217;accusa dopo pressione diretta di Rocchi, in Udinese-Parma, e altri due assistenti alla sala Var, ovvero Rodolfo Di Vuolo e Luigi Nasca. Il sospetto, in ogni caso, \u00e8 che altri assistenti Var siano indagati, ma al momento resta un mistero l&#8217;identit\u00e0, cos\u00ec come resta il giallo sulle persone &#8220;in concorso&#8221; che avrebbero, secondo i capi d&#8217;imputazione, contribuito ad alcune designazioni arbitrali &#8216;pilotate&#8217; di fischietti che sarebbero stati graditi all&#8217;Inter.\u00a0<\/p>\n<p>\u00a0<\/p>\n<p>Per l&#8217;accusa Rocchi avrebbe combinato, con altri soggetti al momento non precisati, la designazione dell\u2019arbitro Andrea Colombo (gradito all&#8217;Inter, a dire di chi indaga) per la partita Bologna-Inter dell\u2019aprile 2025, vinta dai rossobl\u00f9 1-0. Altrettanto avrebbe fatto con la designazione del direttore di gara Daniele Doveri per la semifinale di Coppa Italia tra Milan e Inter, in modo da evitare per l&#8217;eventuale finale e per le partite successive di campionato la designazione dello stesso arbitro, ritenuto in questo caso poco gradito ai nerazzurri.\u00a0<\/p>\n<p>Inoltre, come detto, in occasione della partita Udinese-Parma del primo marzo 2025 avrebbe violato il protocollo Var, che prevede l&#8217;autonomia delle sale di Lissone, bussando e inducendo la chiamata all\u2019On field review dell\u2019arbitro Fabio Maresca ai fini dell\u2019assegnazione del rigore all\u2019Udinese. Sotto la lente d&#8217;ingrandimento degli inquirenti ci sarebbero inoltre presunte pressioni sul Var in occasione di alcune partite, Inter-Verona della stagione 2023-24 (quella della gomitata di Bastoni a Duda, ndr) e Udinese-Parma dello stesso campionato. Tra le carte della Procura non ci sarebbero invece partite legate alla stagione in corso.\u00a0<\/p>\n<p>Andrea Gervasoni, supervisore Var, \u00e8 indagato sempre per frode sportiva perch\u00e9 durante il match Salernitana-Modena (8 marzo 2025) avrebbe fatto pressione sull&#8217;addetto Var Luigi Nasca. Nasca compare anche in un altro episodio (insieme a Rodolfo Di Vuolo) cio\u00e8 in Inter-Verona del 6 gennaio 2024, partita caratterizzata dalla presunta gomitata del nerazzuro Bastoni a Duda e dal mancato fischio del direttore di gara. Paterna, invece, era Var in una delle partite che compaiono nell&#8217;avviso di garanzia mandato a Rocchi: Udinese-Parma.\u00a0<\/p>\n<p>\u00a0<\/p>\n<p>Sulla questione \u00e8 intervenuto anche il presidente dell&#8217;Inter Giuseppe Marotta: &#8220;Noi non abbiamo arbitri graditi o non graditi&#8221;, ha detto ieri il numero uno del club nerazzurro a Sky Sport, prima della partita di campionato contro il Torino, &#8220;sappiamo di aver agito nella massima correttezza, questo \u00e8 il dato pi\u00f9 importante che deve tranquillizzare tutti&#8221;. Sotto i riflettori, c&#8217;\u00e8 anche un presunto incontro sugli arbitri graditi e sgraditi all&#8217;Inter.\u00a0<\/p>\n<p>&#8220;Nella scorsa annata, non lo dico per lamentarmi, abbiamo oggettivamente avuto decisioni avverse anche acclarate, mi riferisco ad esempio al rigore di Inter-Roma. Sono tranquillo, siamo estranei e lo saremo in futuro. Se ci aspettatiamo che qualcuno venga ascoltato? Sono stato molto chiaro, non ho nulla da aggiungere\u201d.\u00a0<\/p>\n<p>\u00a0<\/p>\n<p>&#8212;<\/p>\n<p>sport<\/p>\n<p>webinfo@adnkronos.com (Web Info)<\/p>\n<div style=\"display:flex; gap:10px;justify-content:center\" class=\"wps-pgfw-pdf-generate-icon__wrapper-frontend\">\n\t\t<a  href=\"https:\/\/ciaoup.it?action=genpdf&amp;id=73525\" class=\"pgfw-single-pdf-download-button\" ><img src=\"https:\/\/ciaoup.it\/wp-content\/plugins\/pdf-generator-for-wp\/admin\/src\/images\/PDF_Tray.svg\" title=\"Generate PDF\" style=\"width:auto; height:45px;\"><\/a>\n\t\t<\/div>","protected":false},"excerpt":{"rendered":"<p>(Adnkronos) &#8211; L&#8217;inchiesta arbitri che sta scuotendo la Serie A \u00e8 a un bivio. Gioved\u00ec&hellip;<\/p>\n","protected":false},"author":3,"featured_media":73526,"comment_status":"open","ping_status":"closed","sticky":false,"template":"","format":"standard","meta":{"footnotes":""},"categories":[12],"tags":[3],"class_list":["post-73525","post","type-post","status-publish","format-standard","has-post-thumbnail","hentry","category-comunicati","tag-ultimora"],"_links":{"self":[{"href":"https:\/\/ciaoup.it\/index.php?rest_route=\/wp\/v2\/posts\/73525","targetHints":{"allow":["GET"]}}],"collection":[{"href":"https:\/\/ciaoup.it\/index.php?rest_route=\/wp\/v2\/posts"}],"about":[{"href":"https:\/\/ciaoup.it\/index.php?rest_route=\/wp\/v2\/types\/post"}],"author":[{"embeddable":true,"href":"https:\/\/ciaoup.it\/index.php?rest_route=\/wp\/v2\/users\/3"}],"replies":[{"embeddable":true,"href":"https:\/\/ciaoup.it\/index.php?rest_route=%2Fwp%2Fv2%2Fcomments&post=73525"}],"version-history":[{"count":1,"href":"https:\/\/ciaoup.it\/index.php?rest_route=\/wp\/v2\/posts\/73525\/revisions"}],"predecessor-version":[{"id":73563,"href":"https:\/\/ciaoup.it\/index.php?rest_route=\/wp\/v2\/posts\/73525\/revisions\/73563"}],"wp:featuredmedia":[{"embeddable":true,"href":"https:\/\/ciaoup.it\/index.php?rest_route=\/wp\/v2\/media\/73526"}],"wp:attachment":[{"href":"https:\/\/ciaoup.it\/index.php?rest_route=%2Fwp%2Fv2%2Fmedia&parent=73525"}],"wp:term":[{"taxonomy":"category","embeddable":true,"href":"https:\/\/ciaoup.it\/index.php?rest_route=%2Fwp%2Fv2%2Fcategories&post=73525"},{"taxonomy":"post_tag","embeddable":true,"href":"https:\/\/ciaoup.it\/index.php?rest_route=%2Fwp%2Fv2%2Ftags&post=73525"}],"curies":[{"name":"wp","href":"https:\/\/api.w.org\/{rel}","templated":true}]}}