{"id":73521,"date":"2026-04-28T14:44:00","date_gmt":"2026-04-28T14:44:00","guid":{"rendered":"https:\/\/ciaoup.it\/?p=73521"},"modified":"2026-04-28T14:44:00","modified_gmt":"2026-04-28T14:44:00","slug":"sport-e-tecnologia-mobile-nuove-sinergie-per-limaging-di-fascia-media","status":"publish","type":"post","link":"https:\/\/ciaoup.it\/?p=73521","title":{"rendered":"Sport e tecnologia mobile, nuove sinergie per l&#8217;imaging di fascia media"},"content":{"rendered":"<p> (Adnkronos) &#8211; L\u2019integrazione tra il mondo dello sport professionistico e l\u2019innovazione tecnologica si consolida attraverso nuove strategie di comunicazione dirette alle generazioni pi\u00f9 giovani. In questa cornice si inserisce la nomina di Raphinha, attaccante del FC Barcelona e della nazionale brasiliana, come volto ufficiale della nuova linea di smartphone focalizzata sulla fotografia. La scelta del calciatore riflette una filosofia aziendale che mira a connettere la dinamicit\u00e0 atletica con la creativit\u00e0 digitale, posizionando i nuovi dispositivi come strumenti di espressione personale in un mercato sempre pi\u00f9 competitivo.\u00a0<\/p>\n<p>Il cuore tecnologico della serie 16 Pro, presentata ufficialmente il 17 marzo, risiede nel comparto fotografico progettato per il segmento premium mid-range. La configurazione hardware si distingue per l&#8217;adozione della fotocamera LumaColor da 200 MP, una risoluzione elevata finalizzata a garantire nitidezza anche in condizioni di scatto complesse.\u00a0<\/p>\n<p>L&#8217;introduzione, sulla variante Pro+, di un teleobiettivo periscopico con zoom ottico 3,5\u00d7, permette di ottenere ritratti con una profondit\u00e0 di campo naturale e una definizione dettagliata delle fisionomie, riducendo le distorsioni tipiche delle lenti grandangolari comunemente usate negli smartphone di fascia media.\u00a0<\/p>\n<p>La partnership nasce dalla volont\u00e0 di interpretare la fotografia mobile non solo come atto tecnico, ma come forma di racconto identitario. Raphinha ha sottolineato come la semplicit\u00e0 d&#8217;uso sia fondamentale per catturare momenti autentici: \u201cPer me \u00e8 importante avere uno smartphone che mi permetta di esprimere la mia creativit\u00e0 in modo semplice e immediato, proprio come faccio in campo. Con la realme 16 Pro Series condivido questa energia e la voglia di connettermi con una nuova generazione che vive ogni momento con passione e autenticit\u00e0\u201d.\u00a0<\/p>\n<p>L&#8217;obiettivo dichiarato \u00e8 rendere accessibili tecnologie di scatto avanzate a un pubblico giovane e ambizioso, trasformando lo smartphone in un punto di incontro tra performance hardware e narrazione visiva. La collaborazione con figure del calcio internazionale permette di parlare un linguaggio universale, capace di superare i confini geografici e di rafforzare l&#8217;identit\u00e0 del marchio come abilitatore di espressione creativa. In un contesto in cui i contenuti visivi di qualit\u00e0 sono il pilastro della comunicazione sociale, l&#8217;investimento sulla fotografia di nuova generazione diventa il driver principale per l&#8217;espansione della community globale di utenti.\u00a0<\/p>\n<p>&#8212;<\/p>\n<p>economia<\/p>\n<p>webinfo@adnkronos.com (Web Info)<\/p>\n<div style=\"display:flex; gap:10px;justify-content:center\" class=\"wps-pgfw-pdf-generate-icon__wrapper-frontend\">\n\t\t<a  href=\"https:\/\/ciaoup.it?action=genpdf&amp;id=73521\" class=\"pgfw-single-pdf-download-button\" ><img src=\"https:\/\/ciaoup.it\/wp-content\/plugins\/pdf-generator-for-wp\/admin\/src\/images\/PDF_Tray.svg\" title=\"Generate PDF\" style=\"width:auto; height:45px;\"><\/a>\n\t\t<\/div>","protected":false},"excerpt":{"rendered":"<p>(Adnkronos) &#8211; L\u2019integrazione tra il mondo dello sport professionistico e l\u2019innovazione tecnologica si consolida attraverso&hellip;<\/p>\n","protected":false},"author":3,"featured_media":73522,"comment_status":"open","ping_status":"closed","sticky":false,"template":"","format":"standard","meta":{"footnotes":""},"categories":[12],"tags":[3],"class_list":["post-73521","post","type-post","status-publish","format-standard","has-post-thumbnail","hentry","category-comunicati","tag-ultimora"],"_links":{"self":[{"href":"https:\/\/ciaoup.it\/index.php?rest_route=\/wp\/v2\/posts\/73521","targetHints":{"allow":["GET"]}}],"collection":[{"href":"https:\/\/ciaoup.it\/index.php?rest_route=\/wp\/v2\/posts"}],"about":[{"href":"https:\/\/ciaoup.it\/index.php?rest_route=\/wp\/v2\/types\/post"}],"author":[{"embeddable":true,"href":"https:\/\/ciaoup.it\/index.php?rest_route=\/wp\/v2\/users\/3"}],"replies":[{"embeddable":true,"href":"https:\/\/ciaoup.it\/index.php?rest_route=%2Fwp%2Fv2%2Fcomments&post=73521"}],"version-history":[{"count":1,"href":"https:\/\/ciaoup.it\/index.php?rest_route=\/wp\/v2\/posts\/73521\/revisions"}],"predecessor-version":[{"id":73566,"href":"https:\/\/ciaoup.it\/index.php?rest_route=\/wp\/v2\/posts\/73521\/revisions\/73566"}],"wp:featuredmedia":[{"embeddable":true,"href":"https:\/\/ciaoup.it\/index.php?rest_route=\/wp\/v2\/media\/73522"}],"wp:attachment":[{"href":"https:\/\/ciaoup.it\/index.php?rest_route=%2Fwp%2Fv2%2Fmedia&parent=73521"}],"wp:term":[{"taxonomy":"category","embeddable":true,"href":"https:\/\/ciaoup.it\/index.php?rest_route=%2Fwp%2Fv2%2Fcategories&post=73521"},{"taxonomy":"post_tag","embeddable":true,"href":"https:\/\/ciaoup.it\/index.php?rest_route=%2Fwp%2Fv2%2Ftags&post=73521"}],"curies":[{"name":"wp","href":"https:\/\/api.w.org\/{rel}","templated":true}]}}