{"id":73481,"date":"2026-04-28T13:37:03","date_gmt":"2026-04-28T13:37:03","guid":{"rendered":"https:\/\/ciaoup.it\/?p=73481"},"modified":"2026-04-28T13:37:03","modified_gmt":"2026-04-28T13:37:03","slug":"pagliaro-inca-concorso-su-sicurezza-seme-tra-i-giovani","status":"publish","type":"post","link":"https:\/\/ciaoup.it\/?p=73481","title":{"rendered":"Pagliaro (Inca): &#8220;Concorso su sicurezza seme tra i giovani&#8221;"},"content":{"rendered":"<p> (Adnkronos) &#8211; &#8220;Il piglio del Patronato \u00e8 quello del fare. E lo abbiamo voluto sottolineare attraverso questo progetto che \u00e8 scaturito in occasione dei nostri 80 anni, l&#8217;11 febbraio 2025 scorso, e che si pone l&#8217;obiettivo di andare nelle scuole, istituti tecnici e istituti professionali, e provare sostanzialmente a lanciare dei moduli informativi. Perch\u00e8 la prevenzione non \u00e8 mai abbastanza, la conoscenza \u00e8 un elemento su cui lavorare, perch\u00e8 la cultura della sicurezza nei luoghi di lavoro \u00e8 l&#8217;obiettivo che dobbiamo traguardare. Ci siamo resti quindi protagonisti di un progetto che ha parlato ai giovani. Sono stati numerosi quelli che abbiamo incontrato con l&#8217;obiettivo di gettare un seme e avere anche un &#8216;ritorno&#8217; da quell&#8217;esperienza per ragazzi e ragazze. E proprio in occasione della Giornata mondiale della sicurezza nei luooghi di lavoro abbiamo deciso di premiare i lavori realizzati dai ragazzi&#8221;. Cos\u00ec, intervistato da Adnkronos\/Labitalia, Michele Pagliaro, presidente del Patronato Inca Cgil, in occasione della Giornata mondiale della sicurezza nei luoghi di lavoro, spiega gli obiettivi del concorso &#8216;Dalla scuola al lavoro. La tutela prima di tutto&#8217; che ha visto la premiazione dei vincitori nella giornata di oggi. \u00a0<\/p>\n<p>&#8220;I responsabili della sicurezza della Cgil, della Flc che \u00e8 la categoria che segue la conoscenza, e quelli dell&#8217;Inca hanno interloquito con questi ragazzi -continua- e hanno chiesto loro di reallizare prodotti multimediali come video e podcast che potessero sottolineare il valore di questa esperienza. Abbiamo coinvolto, da Nord a Sud, 7 capoluoghi di Regione del Paese, che poi sono quelli dove il fenomeno degli infortuni sul lavoro \u00e8 stato pi\u00f9 accentuato. E non escludiamo che questa esperienza possa essere ripetuta nel tempo&#8221;, sottolinea ancora. \u00a0<\/p>\n<p>D&#8217;altrone, ricorda Pagliaro, i numeri degli infortuni sul lavoro non lasciano alternative a un impegno sempre maggiore di tutti. &#8220;Siamo sicuramente di fronte a una situazione molto critica. Nel 2025 sono state 598mila le denunce di infortunio suL lavoro, con un aumento dell&#8217;1,4% rispetto all&#8217;anno precedente. di queste 81mila, e quindi il 14% hanno riguardato giovani. E sempre nel 2025 sono state 1.093 le denunce di morti sul lavoro, di cui 8 hanno rigurdato giovani e abbiamo anche tre casi mortali che rigurdano giovani a inizio 2026. E poi sono oltre 98mila le denunce di malattia professionale. Sicuramente numeri allarmanti che impongono una riflessione a tutto tondo perch\u00e8 siamo di fronte a una vera e propria emergenza&#8221;, conclude. \u00a0<\/p>\n<p>&#8212;<\/p>\n<p>lavoro<\/p>\n<p>webinfo@adnkronos.com (Web Info)<\/p>\n<div style=\"display:flex; gap:10px;justify-content:center\" class=\"wps-pgfw-pdf-generate-icon__wrapper-frontend\">\n\t\t<a  href=\"https:\/\/ciaoup.it?action=genpdf&amp;id=73481\" class=\"pgfw-single-pdf-download-button\" ><img src=\"https:\/\/ciaoup.it\/wp-content\/plugins\/pdf-generator-for-wp\/admin\/src\/images\/PDF_Tray.svg\" title=\"Generate PDF\" style=\"width:auto; height:45px;\"><\/a>\n\t\t<\/div>","protected":false},"excerpt":{"rendered":"<p>(Adnkronos) &#8211; &#8220;Il piglio del Patronato \u00e8 quello del fare. E lo abbiamo voluto sottolineare&hellip;<\/p>\n","protected":false},"author":3,"featured_media":73482,"comment_status":"open","ping_status":"closed","sticky":false,"template":"","format":"standard","meta":{"footnotes":""},"categories":[12],"tags":[3],"class_list":["post-73481","post","type-post","status-publish","format-standard","has-post-thumbnail","hentry","category-comunicati","tag-ultimora"],"_links":{"self":[{"href":"https:\/\/ciaoup.it\/index.php?rest_route=\/wp\/v2\/posts\/73481","targetHints":{"allow":["GET"]}}],"collection":[{"href":"https:\/\/ciaoup.it\/index.php?rest_route=\/wp\/v2\/posts"}],"about":[{"href":"https:\/\/ciaoup.it\/index.php?rest_route=\/wp\/v2\/types\/post"}],"author":[{"embeddable":true,"href":"https:\/\/ciaoup.it\/index.php?rest_route=\/wp\/v2\/users\/3"}],"replies":[{"embeddable":true,"href":"https:\/\/ciaoup.it\/index.php?rest_route=%2Fwp%2Fv2%2Fcomments&post=73481"}],"version-history":[{"count":1,"href":"https:\/\/ciaoup.it\/index.php?rest_route=\/wp\/v2\/posts\/73481\/revisions"}],"predecessor-version":[{"id":73543,"href":"https:\/\/ciaoup.it\/index.php?rest_route=\/wp\/v2\/posts\/73481\/revisions\/73543"}],"wp:featuredmedia":[{"embeddable":true,"href":"https:\/\/ciaoup.it\/index.php?rest_route=\/wp\/v2\/media\/73482"}],"wp:attachment":[{"href":"https:\/\/ciaoup.it\/index.php?rest_route=%2Fwp%2Fv2%2Fmedia&parent=73481"}],"wp:term":[{"taxonomy":"category","embeddable":true,"href":"https:\/\/ciaoup.it\/index.php?rest_route=%2Fwp%2Fv2%2Fcategories&post=73481"},{"taxonomy":"post_tag","embeddable":true,"href":"https:\/\/ciaoup.it\/index.php?rest_route=%2Fwp%2Fv2%2Ftags&post=73481"}],"curies":[{"name":"wp","href":"https:\/\/api.w.org\/{rel}","templated":true}]}}